{"id":302523,"date":"2025-08-07T10:27:10","date_gmt":"2025-08-07T10:27:10","guid":{"rendered":"https:\/\/www.europesays.com\/fr\/302523\/"},"modified":"2025-08-07T10:27:10","modified_gmt":"2025-08-07T10:27:10","slug":"insolite-alcaraz-a-bien-profite-quand-je-suis-en-vacances-je-suis-en-vacances-je-ne-vais-jamais-a-la-salle-de-sport","status":"publish","type":"post","link":"https:\/\/www.europesays.com\/fr\/302523\/","title":{"rendered":"Insolite > Alcaraz a bien profit\u00e9 : \u00ab Quand je suis en vacances, je suis en vacances. Je ne vais jamais \u00e0 la salle de sport \u00bb"},"content":{"rendered":"<p>Carlos Alcaraz s\u2019est permis de prendre plusieurs semaines de vacances apr\u00e8s l\u2019en\u00adcha\u00ee\u00adne\u00adment de la saison de terre battue puis de la saison sur\u00a0gazon.\u00a0<\/p>\n<p>L\u2019Espagnol, tout sourire, <a href=\"https:\/\/www.welovetennis.fr\/atp\/atp-cincinnati\/les-belles-retrouvailles-entre-carlos-alcaraz-et-jannik-sinner-a-lentrainement-javais-limpression-de-mennuyer\" data-wpel-link=\"internal\" rel=\"nofollow noopener\" target=\"_blank\">a retrouv\u00e9 son bour\u00adreau de Wimbledon, Jannik Sinner, \u00e0 Cincinnati<\/a>.<a href=\"https:\/\/www.welovetennis.fr\/atp\/atp-cincinnati\/alcaraz-pas-gate-par-le-tirage-au-sort-boulevard-pour-sinner\" data-wpel-link=\"internal\" rel=\"nofollow noopener\" target=\"_blank\"> L\u2019Italien a d\u2019ailleurs obtenu un tirage plus cl\u00e9ment que lui<\/a>, mais il est certain qu\u2019Alcaraz aura \u00e0 c\u0153ur de briller pour esp\u00e9rer prendre sa revanche.\u00a0<\/p>\n<p>En tout cas, comme il l\u2019a bien expliqu\u00e9, il a profit\u00e9 de ses vacances pour se reposer, et surtout pas pour s\u2019entra\u00eener.<\/p>\n<p><strong>\u00ab\u202fPersonnellement, quand je suis en vacances, je suis en vacances. Je ne vais jamais \u00e0 la salle de sport. Souvent, mes amis, quand on part en voyage, vont \u00e0 la salle de sport. La premi\u00e8re semaine de cong\u00e9, je leur ai dit\u00a0: \u2018Ok, je vais vous rejoindre juste pour un petit jogging\u2019, mais ensuite je me suis r\u00e9veill\u00e9 et j\u2019ai dit\u00a0: \u2018Allez, je vais conti\u00adnuer \u00e0 dormir\u202f!\u2019 Comme \u00e7a, je les attends avec le petit\u2010d\u00e9jeuner. Et moi, je suis d\u00e9j\u00e0 en train de manger. \u00bb<\/strong><\/p>\n<p class=\"post-published-date\" style=\"color: silver; font-size: 75%; text-align: left;\">Publi\u00e9 le jeudi 7 ao\u00fbt 2025 \u00e0 09:15<\/p>\n","protected":false},"excerpt":{"rendered":"Carlos Alcaraz s\u2019est permis de prendre plusieurs semaines de vacances apr\u00e8s l\u2019en\u00adcha\u00ee\u00adne\u00adment de la saison de terre battue&hellip;\n","protected":false},"author":2,"featured_media":245065,"comment_status":"","ping_status":"","sticky":false,"template":"","format":"standard","meta":{"footnotes":""},"categories":[1415],"tags":[1744,1011,27,2127,60,1467],"class_list":{"0":"post-302523","1":"post","2":"type-post","3":"status-publish","4":"format-standard","5":"has-post-thumbnail","7":"category-tennis","8":"tag-alcaraz","9":"tag-fr","10":"tag-france","11":"tag-sinner","12":"tag-sports","13":"tag-tennis"},"share_on_mastodon":{"url":"https:\/\/pubeurope.com\/@fr\/114987010900534198","error":""},"_links":{"self":[{"href":"https:\/\/www.europesays.com\/fr\/wp-json\/wp\/v2\/posts\/302523","targetHints":{"allow":["GET"]}}],"collection":[{"href":"https:\/\/www.europesays.com\/fr\/wp-json\/wp\/v2\/posts"}],"about":[{"href":"https:\/\/www.europesays.com\/fr\/wp-json\/wp\/v2\/types\/post"}],"author":[{"embeddable":true,"href":"https:\/\/www.europesays.com\/fr\/wp-json\/wp\/v2\/users\/2"}],"replies":[{"embeddable":true,"href":"https:\/\/www.europesays.com\/fr\/wp-json\/wp\/v2\/comments?post=302523"}],"version-history":[{"count":0,"href":"https:\/\/www.europesays.com\/fr\/wp-json\/wp\/v2\/posts\/302523\/revisions"}],"wp:featuredmedia":[{"embeddable":true,"href":"https:\/\/www.europesays.com\/fr\/wp-json\/wp\/v2\/media\/245065"}],"wp:attachment":[{"href":"https:\/\/www.europesays.com\/fr\/wp-json\/wp\/v2\/media?parent=302523"}],"wp:term":[{"taxonomy":"category","embeddable":true,"href":"https:\/\/www.europesays.com\/fr\/wp-json\/wp\/v2\/categories?post=302523"},{"taxonomy":"post_tag","embeddable":true,"href":"https:\/\/www.europesays.com\/fr\/wp-json\/wp\/v2\/tags?post=302523"}],"curies":[{"name":"wp","href":"https:\/\/api.w.org\/{rel}","templated":true}]}}