{"id":302526,"date":"2025-08-07T10:29:09","date_gmt":"2025-08-07T10:29:09","guid":{"rendered":"https:\/\/www.europesays.com\/fr\/302526\/"},"modified":"2025-08-07T10:29:09","modified_gmt":"2025-08-07T10:29:09","slug":"motogp-et-side-car-2025-petites-infos-et-gros-frissons-motoservices","status":"publish","type":"post","link":"https:\/\/www.europesays.com\/fr\/302526\/","title":{"rendered":"MotoGP et Side Car 2025 : Petites infos et gros frissons &#8211; Motoservices"},"content":{"rendered":"<ol>\n<li><a href=\"https:\/\/news.google.com\/rss\/articles\/CBMirgFBVV95cUxQQ3dZSmhZTzdlQ1VjRDZnSUZmUDFMYzhpQzQ2YkZZMGRDRmR2Q3pWUWtINzZqaUMtU3NnVzNKZ0NvUmZOMHlkeC1uWDdaT2tNbnZGVGxSdGhROTk1Wi1oaE5pMGtPVkMyVGZ1NjFxN0pPT1lBXzg3Yjg5Q1BWcU1SVEYwaWJ1ejlxMEJkTmRYMmZObXdZLXRESUVXbFNXeEgwM2dMYkxZeEFhYVJjMFE?oc=5\" target=\"_blank\" rel=\"noopener\">MotoGP et Side Car 2025 : Petites infos et gros frissons<\/a>&nbsp;&nbsp;Motoservices<\/li>\n<li><a href=\"https:\/\/news.google.com\/rss\/articles\/CBMisAFBVV95cUxNbG5pTnRzallHbGRuaVRvNGlmcWVaVGlLeWhnLVJJS2l6SlotMXF3b1N0b1ZjZVlnRTNMQzdFMGhsaFNkeTRpbU9BS1REUzd5VVA2VTRMRmtaY0tCNmVVSEdvWkk5QmltNzY3TnlZUFl1U1hBOGxtd0tvSUFfZ0NoVDZwUUxSOHN4Y1c4NGRJZnk0S2cyNzFPeWNKX242a3lSMTQyMGZzNFVTcFI3bGttYw?oc=5\" target=\"_blank\" rel=\"noopener\">MotoGP : la r\u00e9volution du carburant synth\u00e9tique en 2027 sera co\u00fbteuse et d\u00e9terminante<\/a>&nbsp;&nbsp;Paddock GP<\/li>\n<li><a href=\"https:\/\/news.google.com\/rss\/articles\/CBMiqwFBVV95cUxNVklZVWp1eU1YYUlyTW1fbUQ1bE5yUExHbHA1aFgzbVNyQUtHd3R0VW1pQ3VkRHZhQWVSbWRXSUQ3c1dWUkV4WTJEU0pqc1dyUE9yeEFySzNXb2t3ZkJvUGJmN0pJRUdlMzVqVzN5OFcyS1hYYldhUEREVUNrVHo5bnB3ZUFCM0pzOWpNT2xQN0FiQm5PTnU3NS02N0FKcTQ4Q004NnNhTEl4VVk?oc=5\" target=\"_blank\" rel=\"noopener\">Les carburants non-fossiles obligatoires pour toutes les cat\u00e9gories en 2027<\/a>&nbsp;&nbsp;Motorsport.com<\/li>\n<li><a href=\"https:\/\/news.google.com\/rss\/articles\/CBMiowFBVV95cUxOWnU1SnQ0aTUxQV9zNFFMNVhBaG00VHUwNUhhRVd2OF9sRm50blhzcDUxeFFIWWZLeHB1d3lQXzkxQ3B3blR2TnJvVnVfaFRXZFRFbnEwUWE3bjdiMDVYRnQtaWstZDBtaUJWdzR1cGZvVnpNX3Ayc3JUeFZ3RF8zRWZuTVFuOXBPeElaV2JHWVZUSmlzOWMyQ2w0dDdfOFc4aE1r?oc=5\" target=\"_blank\" rel=\"noopener\">En 2027, les MotoGP, Moto2 et Moto3 feront le plein de carbone 14<\/a>&nbsp;&nbsp;Moto-Net<\/li>\n<li><a href=\"https:\/\/news.google.com\/rss\/articles\/CBMirwFBVV95cUxPeXVrTkF1TnNLTGJnLTI4TnVqYUtBdXUxVlFmYzBuVkVaRGRNVmVUUkFYakI2WDc1cHBMLW54RUtvNUZ5anVoYkpSTUJ6MHRYV1QybmtaVUlaMGdYbHVqdEgzellobGJxU0U3MzlYbVdRdFBtV3BBa0NGanlqTndnY0lrYWgwTThURk5OLUFCQjNSUUMta2NoTjY2cEdRVnNlWWg1aExpRjI1WGlWMGtj?oc=5\" target=\"_blank\" rel=\"noopener\">MotoGP et d\u00e9veloppement durable : la r\u00e9volution silencieuse qui s\u2019acc\u00e9l\u00e8re<\/a>&nbsp;&nbsp;Caradisiac<\/li>\n<\/ol>\n","protected":false},"excerpt":{"rendered":"MotoGP et Side Car 2025 : Petites infos et gros frissons&nbsp;&nbsp;Motoservices MotoGP : la r\u00e9volution du carburant synth\u00e9tique&hellip;\n","protected":false},"author":2,"featured_media":302527,"comment_status":"","ping_status":"","sticky":false,"template":"","format":"standard","meta":{"footnotes":""},"categories":[1413],"tags":[17,1462,41508,44271,4266,44270,1011,27,22586,1457,1456,1458,27619,60],"class_list":{"0":"post-302526","1":"post","2":"type-post","3":"status-publish","4":"format-standard","5":"has-post-thumbnail","7":"category-moto","8":"tag-17","9":"tag-bagnaia","10":"tag-balaton","11":"tag-caldwell-park","12":"tag-ducati","13":"tag-ellis-clement","14":"tag-fr","15":"tag-france","16":"tag-marquez","17":"tag-moto","18":"tag-motocycle","19":"tag-motogp","20":"tag-side-car","21":"tag-sports"},"share_on_mastodon":{"url":"https:\/\/pubeurope.com\/@fr\/114987018742116474","error":""},"_links":{"self":[{"href":"https:\/\/www.europesays.com\/fr\/wp-json\/wp\/v2\/posts\/302526","targetHints":{"allow":["GET"]}}],"collection":[{"href":"https:\/\/www.europesays.com\/fr\/wp-json\/wp\/v2\/posts"}],"about":[{"href":"https:\/\/www.europesays.com\/fr\/wp-json\/wp\/v2\/types\/post"}],"author":[{"embeddable":true,"href":"https:\/\/www.europesays.com\/fr\/wp-json\/wp\/v2\/users\/2"}],"replies":[{"embeddable":true,"href":"https:\/\/www.europesays.com\/fr\/wp-json\/wp\/v2\/comments?post=302526"}],"version-history":[{"count":0,"href":"https:\/\/www.europesays.com\/fr\/wp-json\/wp\/v2\/posts\/302526\/revisions"}],"wp:featuredmedia":[{"embeddable":true,"href":"https:\/\/www.europesays.com\/fr\/wp-json\/wp\/v2\/media\/302527"}],"wp:attachment":[{"href":"https:\/\/www.europesays.com\/fr\/wp-json\/wp\/v2\/media?parent=302526"}],"wp:term":[{"taxonomy":"category","embeddable":true,"href":"https:\/\/www.europesays.com\/fr\/wp-json\/wp\/v2\/categories?post=302526"},{"taxonomy":"post_tag","embeddable":true,"href":"https:\/\/www.europesays.com\/fr\/wp-json\/wp\/v2\/tags?post=302526"}],"curies":[{"name":"wp","href":"https:\/\/api.w.org\/{rel}","templated":true}]}}