{"id":302528,"date":"2025-08-07T10:30:11","date_gmt":"2025-08-07T10:30:11","guid":{"rendered":"https:\/\/www.europesays.com\/fr\/302528\/"},"modified":"2025-08-07T10:30:11","modified_gmt":"2025-08-07T10:30:11","slug":"nous-avons-sous-estime-ce-defi-lance-frederic-vasseur-sur-le-recrutement-de-lewis-hamilton-chez-ferrari","status":"publish","type":"post","link":"https:\/\/www.europesays.com\/fr\/302528\/","title":{"rendered":"\u00abNous avons sous-estim\u00e9 ce d\u00e9fi\u00bb, lance Fr\u00e9d\u00e9ric Vasseur sur le recrutement de Lewis Hamilton chez Ferrari"},"content":{"rendered":"<p>Directeur de l\u2019\u00e9curie Ferrari, Fr\u00e9d\u00e9ric Vasseur est revenu dans les colonnes de la Gazzetta dello Sport sur la saison compliqu\u00e9e de Lewis Hamilton. Il prend sur son dos toute la responsabilit\u00e9.<\/p>\n<p class=\"fig-paragraph\">Arriv\u00e9 cette ann\u00e9e chez Ferrari en provenance de l\u2019\u00e9curie Mercedes, le multiple champion du monde<a href=\"http:\/\/www.lefigaro.fr\/sports\/formule-1\/formule-1-pourquoi-lewis-hamilton-est-il-autant-en-difficulte-chez-ferrari-20250627\" data-fig-type=\"NewsFlash\" data-gtm-custom-categorie=\"navigation\" data-gtm-custom-action=\"crossclick\" data-gtm-custom-label=\"Contextuel\" data-gtm-event=\"customEventSPE\" data-fig-domain=\"LEFIGARO\" rel=\"nofollow noopener\" target=\"_blank\">\u00a0Lewis Hamilton<\/a>\u00a0n\u2019a pas convaincu. Dans les colonnes de la<a href=\"https:\/\/www.gazzetta.it\/motori\/ferrari\/07-08-2025\/ferrari-vasseur-io-e-hamilton-prima-del-mondiale-abbiamo-commesso-un-errore.shtml?refresh_ce\" target=\"_blank\" rel=\"sponsored noopener nofollow\" data-gtm-custom-categorie=\"navigation\" data-gtm-custom-action=\"crossclick\" data-gtm-custom-label=\"Contextuel\" data-gtm-event=\"customEventSPE\">\u00a0Gazzetta dello Sport<\/a>, son directeur Fr\u00e9d\u00e9ric Vasseur est revenu sur les performances de son pilote, reconnaissant avoir \u00absous-estim\u00e9\u00bb la situation.<\/p>\n<p class=\"fig-paragraph\">\u00abApr\u00e8s tout, il venait de vingt ans de carri\u00e8re chez Mercedes, et ce n\u2019est pas facile de changer tout cela\u00bb, a confi\u00e9 Vasseur. Il explique notamment avoir \u00absous-estim\u00e9 ce que ce changement signifiait.\u00bb Une erreur peut-\u00eatre dict\u00e9e par l\u2019enthousiasme suscit\u00e9 par \u00abce d\u00e9fi\u00bb.<\/p>\n<p>                                    <a class=\"fig-a11y-skip a11y-hidden\" href=\"#fig-a11y-skip-main-inarticle\"><br \/>\n        Passer la publicit\u00e9<br \/>\n    <\/a><\/p>\n<p class=\"fig-paragraph\">Malgr\u00e9 cette adaptation compliqu\u00e9e de Lewis Hamilton, Vasseur esp\u00e8re encore obtenir de bons r\u00e9sultats cette ann\u00e9e. Il affiche ses ambitions. \u00abJe veux encore gagner au moins un Grand Prix cette ann\u00e9e. Nous devons exploiter au maximum nos atouts.\u00bb<\/p>\n","protected":false},"excerpt":{"rendered":"Directeur de l\u2019\u00e9curie Ferrari, Fr\u00e9d\u00e9ric Vasseur est revenu dans les colonnes de la Gazzetta dello Sport sur la&hellip;\n","protected":false},"author":2,"featured_media":302529,"comment_status":"","ping_status":"","sticky":false,"template":"","format":"standard","meta":{"footnotes":""},"categories":[1412],"tags":[1451,2251,1452,1453,1454,1455,1011,27,1975,60],"class_list":{"0":"post-302528","1":"post","2":"type-post","3":"status-publish","4":"format-standard","5":"has-post-thumbnail","7":"category-f1","8":"tag-f1","9":"tag-ferrari","10":"tag-formula-1","11":"tag-formula1","12":"tag-formule-1","13":"tag-formule1","14":"tag-fr","15":"tag-france","16":"tag-lewis-hamilton","17":"tag-sports"},"share_on_mastodon":{"url":"https:\/\/pubeurope.com\/@fr\/114987022660562556","error":""},"_links":{"self":[{"href":"https:\/\/www.europesays.com\/fr\/wp-json\/wp\/v2\/posts\/302528","targetHints":{"allow":["GET"]}}],"collection":[{"href":"https:\/\/www.europesays.com\/fr\/wp-json\/wp\/v2\/posts"}],"about":[{"href":"https:\/\/www.europesays.com\/fr\/wp-json\/wp\/v2\/types\/post"}],"author":[{"embeddable":true,"href":"https:\/\/www.europesays.com\/fr\/wp-json\/wp\/v2\/users\/2"}],"replies":[{"embeddable":true,"href":"https:\/\/www.europesays.com\/fr\/wp-json\/wp\/v2\/comments?post=302528"}],"version-history":[{"count":0,"href":"https:\/\/www.europesays.com\/fr\/wp-json\/wp\/v2\/posts\/302528\/revisions"}],"wp:featuredmedia":[{"embeddable":true,"href":"https:\/\/www.europesays.com\/fr\/wp-json\/wp\/v2\/media\/302529"}],"wp:attachment":[{"href":"https:\/\/www.europesays.com\/fr\/wp-json\/wp\/v2\/media?parent=302528"}],"wp:term":[{"taxonomy":"category","embeddable":true,"href":"https:\/\/www.europesays.com\/fr\/wp-json\/wp\/v2\/categories?post=302528"},{"taxonomy":"post_tag","embeddable":true,"href":"https:\/\/www.europesays.com\/fr\/wp-json\/wp\/v2\/tags?post=302528"}],"curies":[{"name":"wp","href":"https:\/\/api.w.org\/{rel}","templated":true}]}}