{"id":302532,"date":"2025-08-07T10:32:11","date_gmt":"2025-08-07T10:32:11","guid":{"rendered":"https:\/\/www.europesays.com\/fr\/302532\/"},"modified":"2025-08-07T10:32:11","modified_gmt":"2025-08-07T10:32:11","slug":"planete-foot-montpellier-negocie-la-vente-de-sa-section-feminine-autour-des-girondins","status":"publish","type":"post","link":"https:\/\/www.europesays.com\/fr\/302532\/","title":{"rendered":"Plan\u00e8te Foot : Montpellier n\u00e9gocie la vente de sa section f\u00e9minine &#8211; Autour des Girondins"},"content":{"rendered":"<p>Plan\u00e8te Foot : Montpellier n\u00e9gocie la vente de sa section f\u00e9minine &#8211; Autour des Girondins &#8211; actu Girondins de Bordeaux par WebGirondins, FCGB : Mercato infos et Transferts depuis 2001 avec le 1er e m\u00e9dia ind\u00e9pendant sur les Girondins<\/p>\n<p><img decoding=\"async\" src=\"https:\/\/www.europesays.com\/fr\/wp-content\/uploads\/2025\/08\/671_05dc460ea5fb6549c12e5e5b16b0eaa3.jpg\" alt=\"Plan\u00e8te Foot : Montpellier n\u00e9gocie la vente de sa section f\u00e9minine\" class=\"img-responsive\"\/><\/p>\n<p>  COMMENTAIRES<br \/>\n  ()<\/p>\n","protected":false},"excerpt":{"rendered":"Plan\u00e8te Foot : Montpellier n\u00e9gocie la vente de sa section f\u00e9minine &#8211; Autour des Girondins &#8211; actu Girondins&hellip;\n","protected":false},"author":2,"featured_media":302533,"comment_status":"","ping_status":"","sticky":false,"template":"","format":"standard","meta":{"footnotes":""},"categories":[1410],"tags":[4283,2257,63,1011,27,2208,23288,52,34263,60,4100],"class_list":{"0":"post-302532","1":"post","2":"type-post","3":"status-publish","4":"format-standard","5":"has-post-thumbnail","7":"category-football","8":"tag-feminine","9":"tag-foot","10":"tag-football","11":"tag-fr","12":"tag-france","13":"tag-montpellier","14":"tag-negocie","15":"tag-planete","16":"tag-section","17":"tag-sports","18":"tag-vente"},"share_on_mastodon":{"url":"https:\/\/pubeurope.com\/@fr\/114987030631890113","error":""},"_links":{"self":[{"href":"https:\/\/www.europesays.com\/fr\/wp-json\/wp\/v2\/posts\/302532","targetHints":{"allow":["GET"]}}],"collection":[{"href":"https:\/\/www.europesays.com\/fr\/wp-json\/wp\/v2\/posts"}],"about":[{"href":"https:\/\/www.europesays.com\/fr\/wp-json\/wp\/v2\/types\/post"}],"author":[{"embeddable":true,"href":"https:\/\/www.europesays.com\/fr\/wp-json\/wp\/v2\/users\/2"}],"replies":[{"embeddable":true,"href":"https:\/\/www.europesays.com\/fr\/wp-json\/wp\/v2\/comments?post=302532"}],"version-history":[{"count":0,"href":"https:\/\/www.europesays.com\/fr\/wp-json\/wp\/v2\/posts\/302532\/revisions"}],"wp:featuredmedia":[{"embeddable":true,"href":"https:\/\/www.europesays.com\/fr\/wp-json\/wp\/v2\/media\/302533"}],"wp:attachment":[{"href":"https:\/\/www.europesays.com\/fr\/wp-json\/wp\/v2\/media?parent=302532"}],"wp:term":[{"taxonomy":"category","embeddable":true,"href":"https:\/\/www.europesays.com\/fr\/wp-json\/wp\/v2\/categories?post=302532"},{"taxonomy":"post_tag","embeddable":true,"href":"https:\/\/www.europesays.com\/fr\/wp-json\/wp\/v2\/tags?post=302532"}],"curies":[{"name":"wp","href":"https:\/\/api.w.org\/{rel}","templated":true}]}}