{"id":302534,"date":"2025-08-07T10:33:10","date_gmt":"2025-08-07T10:33:10","guid":{"rendered":"https:\/\/www.europesays.com\/fr\/302534\/"},"modified":"2025-08-07T10:33:10","modified_gmt":"2025-08-07T10:33:10","slug":"laurent-ruquier-son-ex-hugo-manos-seclate-a-mykonos-avec-le-manager-de-vitaa-et-slimane","status":"publish","type":"post","link":"https:\/\/www.europesays.com\/fr\/302534\/","title":{"rendered":"Laurent Ruquier : son ex Hugo Manos s\u2019\u00e9clate \u00e0 Mykonos avec le manager de Vitaa et Slimane"},"content":{"rendered":"<p>      R\u00e9sum\u00e9<\/p>\n<p>Hugo Manos profite de Mykonos en bonne compagnie, affichant une belle complicit\u00e9 avec le manager de Vitaa et Slimane, apr\u00e8s sa s\u00e9paration avec Laurent Ruquier.<\/p>\n<p>        Sommaire<\/p>\n<p>La vie suit son cours pour Hugo Manos, et visiblement, elle le m\u00e8ne tout droit\u2026 vers les plages ensoleill\u00e9es de Mykonos. Quelques mois apr\u00e8s <a href=\"https:\/\/www.public.fr\/laurent-ruquier-et-hugo-manos-cest-fini-apres-7-ans\" target=\"_blank\" rel=\"noopener\">l\u2019officialisation de sa rupture avec Laurent Ruquier<\/a>, l\u2019ancien chroniqueur de TPMP People semble avoir d\u00e9finitivement tourn\u00e9 la page. C\u2019est en tout cas ce que laissent entendre ses r\u00e9centes publications sur Instagram.<\/p>\n<p>L\u00e0, en direct de l\u2019\u00eele grecque pris\u00e9e des stars, <strong>Hugo Manos s\u2019affiche rayonnant<\/strong>, profitant du soleil, de la mer\u2026 et d\u2019une compagnie tr\u00e8s remarqu\u00e9e : celle de <strong>Sa\u00efd Boussif<\/strong>, c\u00e9l\u00e8bre manager de la chanteuse Vitaa (et ancien collaborateur de nombreux artistes de la sc\u00e8ne urbaine francophone). Une photo post\u00e9e sur son compte Instagram a particuli\u00e8rement attir\u00e9 l\u2019attention des internautes, intrigu\u00e9s par cette nouvelle proximit\u00e9.<\/p>\n<p>Hugo Manos en escapade \u00e0 Mykonos<\/p>\n<p>Souriant, bronz\u00e9, Hugo Manos profite de vacances bien m\u00e9rit\u00e9es sur l\u2019\u00eele de la f\u00eate et du glamour. Mais au-del\u00e0 du d\u00e9cor de r\u00eave, c\u2019est surtout <strong>la pr\u00e9sence de <a href=\"https:\/\/www.public.fr\/diaporamas\/vitaa-la-chanteuse-recue-par-rachida-dati-pour-un-evenement-tres-special\" target=\"_blank\" rel=\"noopener\">Sa\u00efd Boussif<\/a> \u00e0 ses c\u00f4t\u00e9s<\/strong> qui a ravi les internautes. Le manager de Vitaa et Slimane appara\u00eet en effet sur une photo, muscles apparents et sourire aux l\u00e8vres. <\/p>\n<p>Visiblement tr\u00e8s amis, les deux hommes se sont affich\u00e9s complices, entre soir\u00e9es en bord de mer, restaurants branch\u00e9s, et moments de d\u00e9tente sous le soleil grec. <\/p>\n<p>Pour rappel, <strong>Laurent Ruquier et Hugo Manos ont mis fin \u00e0 leur relation apr\u00e8s plusieurs ann\u00e9es de vie commune<\/strong>, une annonce faite avec sobri\u00e9t\u00e9 et respect mutuel. L\u2019animateur de 61 ans et le jeune influenceur de 36 ans <a href=\"https:\/\/www.public.fr\/laurent-ruquier-et-hugo-manos-le-couple-plus-complice-que-jamais-a-lautre-bout-du-monde\" target=\"_blank\" rel=\"noopener\">avaient toujours assum\u00e9 leur couple avec discr\u00e9tion<\/a>, loin des pol\u00e9miques. Leur rupture, bien que surprenante pour certains, s\u2019est faite sans heurts apparents.<\/p>\n<p>Depuis, chacun semble tracer sa route. Ruquier, toujours tr\u00e8s actif \u00e0 la t\u00e9l\u00e9vision et \u00e0 la radio, pr\u00e9pare une nouvelle rentr\u00e9e m\u00e9diatique. De son c\u00f4t\u00e9, Hugo Manos continue d\u2019\u00e9voluer entre r\u00e9seaux sociaux, m\u00e9dias et \u00e9v\u00e9nements mondains, sans jamais vraiment s\u2019\u00e9loigner des projecteurs.<\/p>\n<p>      Mentionn\u00e9s dans cet article<\/p>\n<p>      Sur le m\u00eame sujet<\/p>\n","protected":false},"excerpt":{"rendered":"R\u00e9sum\u00e9 Hugo Manos profite de Mykonos en bonne compagnie, affichant une belle complicit\u00e9 avec le manager de Vitaa&hellip;\n","protected":false},"author":2,"featured_media":302535,"comment_status":"","ping_status":"","sticky":false,"template":"","format":"standard","meta":{"footnotes":""},"categories":[1359],"tags":[58,59,1011,27,1758,2440,973,9055,26648],"class_list":{"0":"post-302534","1":"post","2":"type-post","3":"status-publish","4":"format-standard","5":"has-post-thumbnail","7":"category-people","8":"tag-divertissement","9":"tag-entertainment","10":"tag-fr","11":"tag-france","12":"tag-hugo-manos","13":"tag-instagram","14":"tag-people","15":"tag-slimane","16":"tag-vitaa"},"share_on_mastodon":{"url":"https:\/\/pubeurope.com\/@fr\/114987034450185388","error":""},"_links":{"self":[{"href":"https:\/\/www.europesays.com\/fr\/wp-json\/wp\/v2\/posts\/302534","targetHints":{"allow":["GET"]}}],"collection":[{"href":"https:\/\/www.europesays.com\/fr\/wp-json\/wp\/v2\/posts"}],"about":[{"href":"https:\/\/www.europesays.com\/fr\/wp-json\/wp\/v2\/types\/post"}],"author":[{"embeddable":true,"href":"https:\/\/www.europesays.com\/fr\/wp-json\/wp\/v2\/users\/2"}],"replies":[{"embeddable":true,"href":"https:\/\/www.europesays.com\/fr\/wp-json\/wp\/v2\/comments?post=302534"}],"version-history":[{"count":0,"href":"https:\/\/www.europesays.com\/fr\/wp-json\/wp\/v2\/posts\/302534\/revisions"}],"wp:featuredmedia":[{"embeddable":true,"href":"https:\/\/www.europesays.com\/fr\/wp-json\/wp\/v2\/media\/302535"}],"wp:attachment":[{"href":"https:\/\/www.europesays.com\/fr\/wp-json\/wp\/v2\/media?parent=302534"}],"wp:term":[{"taxonomy":"category","embeddable":true,"href":"https:\/\/www.europesays.com\/fr\/wp-json\/wp\/v2\/categories?post=302534"},{"taxonomy":"post_tag","embeddable":true,"href":"https:\/\/www.europesays.com\/fr\/wp-json\/wp\/v2\/tags?post=302534"}],"curies":[{"name":"wp","href":"https:\/\/api.w.org\/{rel}","templated":true}]}}