{"id":302538,"date":"2025-08-07T10:35:12","date_gmt":"2025-08-07T10:35:12","guid":{"rendered":"https:\/\/www.europesays.com\/fr\/302538\/"},"modified":"2025-08-07T10:35:12","modified_gmt":"2025-08-07T10:35:12","slug":"saint-mihiel-la-bibliotheque-municipale-accueille-johan-heliot","status":"publish","type":"post","link":"https:\/\/www.europesays.com\/fr\/302538\/","title":{"rendered":"Saint-Mihiel. La biblioth\u00e8que municipale accueille Johan Heliot"},"content":{"rendered":"<p>Dans le cadre de la Fabrique du livre jeunesse, organis\u00e9e par Interbibly, centre de ressources du livre en Grand Est, Saint-Mihiel accueille en r\u00e9sidence le romancier Johan Heliot.<\/p>\n<p>C\u2019est la sixi\u00e8me \u00e9dition de l\u2019\u00e9v\u00e9nement, soutenu par la Direction\u00a0r\u00e9gionale des affaires culturelles (Drac) Grand Est et la R\u00e9gion Grand Est. Ell propose\u00a0ainsi \u00e0 des artistes auteurs jeunesse du Grand Est d\u2019accompagner leur public, durant quatre jours, \u00e0 imaginer, fabriquer, dessiner, \u00e9crire, r\u00eaver, notamment \u00e0 travers d\u2019ateliers.<\/p>\n<p>  Une activit\u00e9 avec\u00a0l\u2019accueil\u00a0de loisirs<\/p>\n<p>Cette ann\u00e9e, de lundi \u00e0 ce jeudi, la biblioth\u00e8que municipale re\u00e7oit l\u2019auteur Johan Heliot. Il s\u2019essaie \u00e0 de nombreux genres (fantasy, thriller, science-fiction, historique) et \u00e9crit aussi bien pour le jeune public que pour les adultes.<\/p>\n<p>Pendant quatre journ\u00e9es, il a partag\u00e9 son savoir-faire avec les jeunes de l\u2019accueil de loisirs afin de les aider \u00e0 cr\u00e9er une histoire collective sous forme de roman de science-fiction.<\/p>\n<p>Le matin, avec les moyens, et l\u2019apr\u00e8s-midi avec les plus grand, il a nourri l\u2019imagination des jeunes auteurs, tout en cr\u00e9ant un espace o\u00f9 ils pouvaient devenir les conteurs de leur propre monde. En construisant chaque chapitre avec les enfants, il les a aid\u00e9s \u00e0 construire une histoire avec des monstres, issus de leur imagination, l\u2019extraterrestre, l\u2019ours sorcier, le dragon ou le \u00ab\u00a0wadigo\u00a0\u00bb, qui enl\u00e8ve les enfants pour les prot\u00e9ger. Tous finalement gentils, pour que l\u2019histoire se termine dans un banquet\u00a0jovial, une fin heureuse pour que les enfants continuent \u00e0 r\u00eaver.<\/p>\n<p>La restitution de leur travail a lieu ce jeudi soir, avec les parents, au Caf\u2019tiers sammiellois o\u00f9 se d\u00e9roule l\u2019accueil loisirs.<\/p>\n","protected":false},"excerpt":{"rendered":"Dans le cadre de la Fabrique du livre jeunesse, organis\u00e9e par Interbibly, centre de ressources du livre en&hellip;\n","protected":false},"author":2,"featured_media":302539,"comment_status":"","ping_status":"","sticky":false,"template":"","format":"standard","meta":{"footnotes":""},"categories":[1357],"tags":[1379,22197,1687,58,3602,59,1011,27,1380,2410,22196,104,1631],"class_list":{"0":"post-302538","1":"post","2":"type-post","3":"status-publish","4":"format-standard","5":"has-post-thumbnail","7":"category-livres","8":"tag-books","9":"tag-cc-du-sammiellois-55a","10":"tag-culture-loisirs","11":"tag-divertissement","12":"tag-edition-bar-le-duc","13":"tag-entertainment","14":"tag-fr","15":"tag-france","16":"tag-livres","17":"tag-livres-bd","18":"tag-saint-mihiel","19":"tag-societe","20":"tag-vie-associative"},"share_on_mastodon":{"url":"https:\/\/pubeurope.com\/@fr\/114987042305702281","error":""},"_links":{"self":[{"href":"https:\/\/www.europesays.com\/fr\/wp-json\/wp\/v2\/posts\/302538","targetHints":{"allow":["GET"]}}],"collection":[{"href":"https:\/\/www.europesays.com\/fr\/wp-json\/wp\/v2\/posts"}],"about":[{"href":"https:\/\/www.europesays.com\/fr\/wp-json\/wp\/v2\/types\/post"}],"author":[{"embeddable":true,"href":"https:\/\/www.europesays.com\/fr\/wp-json\/wp\/v2\/users\/2"}],"replies":[{"embeddable":true,"href":"https:\/\/www.europesays.com\/fr\/wp-json\/wp\/v2\/comments?post=302538"}],"version-history":[{"count":0,"href":"https:\/\/www.europesays.com\/fr\/wp-json\/wp\/v2\/posts\/302538\/revisions"}],"wp:featuredmedia":[{"embeddable":true,"href":"https:\/\/www.europesays.com\/fr\/wp-json\/wp\/v2\/media\/302539"}],"wp:attachment":[{"href":"https:\/\/www.europesays.com\/fr\/wp-json\/wp\/v2\/media?parent=302538"}],"wp:term":[{"taxonomy":"category","embeddable":true,"href":"https:\/\/www.europesays.com\/fr\/wp-json\/wp\/v2\/categories?post=302538"},{"taxonomy":"post_tag","embeddable":true,"href":"https:\/\/www.europesays.com\/fr\/wp-json\/wp\/v2\/tags?post=302538"}],"curies":[{"name":"wp","href":"https:\/\/api.w.org\/{rel}","templated":true}]}}