{"id":302542,"date":"2025-08-07T10:37:10","date_gmt":"2025-08-07T10:37:10","guid":{"rendered":"https:\/\/www.europesays.com\/fr\/302542\/"},"modified":"2025-08-07T10:37:10","modified_gmt":"2025-08-07T10:37:10","slug":"un-ex-academicien-annonce-la-sortie-de-son-single-s-e-x-et-cree-la-polemique-cest-le-pire-message-a-faire-passer-aux-jeunes-photo","status":"publish","type":"post","link":"https:\/\/www.europesays.com\/fr\/302542\/","title":{"rendered":"Un ex-acad\u00e9micien annonce la sortie de son single \u00ab\u00a0S.E.X.\u00a0\u00bb et cr\u00e9e la pol\u00e9mique : \u00ab\u00a0C&rsquo;est le pire message \u00e0 faire passer aux jeunes !\u00a0\u00bb (PHOTO)"},"content":{"rendered":"<p><a href=\"https:\/\/www.dhnet.be\/medias\/musique\/2025\/07\/11\/marine-star-ac-se-confie-a-la-sortie-de-son-album-elle-est-enceinte-ca-deborde-jai-lu-des-remarques-vraiment-deplacees-sur-mes-formes-34VDNFKTCRAYHN7LVK33EFDT5Y\/\" target=\"_blank\" rel=\"noopener noreferrer\" class=\"ap-StoryInterstitialLink ap-StoryElement ap-StoryElement--mb\">Marine (Star Ac&rsquo;) se confie \u00e0 la sortie de son album : \u00ab\u00a0&lsquo;Elle est enceinte&rsquo;, \u00c7a d\u00e9borde&rsquo;\u2026 J&rsquo;ai lu des remarques vraiment d\u00e9plac\u00e9es sur mes formes\u00a0\u00bb<\/a><b>Une trend jug\u00e9e dangereuse<\/b><\/p>\n<p class=\"ap-StoryElement ap-StoryElement--mb ap-StoryText\">Sans surprise, les r\u00e9actions ne se sont pas fait attendre : \u00ab\u00a0Faire l&rsquo;apologie d&rsquo;une tendance aussi dangereuse !\u00a0\u00bb, \u00ab\u00a0Dites-moi que ce ne sont pas vraiment des coups de soleil. C&rsquo;est le pire message \u00e0 faire passer aux jeunes !\u00a0\u00bb, \u00ab\u00a0Excellent tuto pour choper un cancer de la peau\u00a0\u00bb, peut-on lire aussi bien sur Instagram que sur Facebook.<\/p>\n<p class=\"ap-StoryElement ap-StoryElement--mb ap-StoryText\">En France, le ministre de la Sant\u00e9, Yannick Neuder, s&rsquo;\u00e9tait d\u00e9j\u00e0 exprim\u00e9 en vid\u00e9o il y a quelques semaines pour exposer les dangers li\u00e9s \u00e0 cette tendance qui a explos\u00e9 sur TikTok. \u00ab\u00a0Votre peau, c&rsquo;est votre vie, vous n&rsquo;en avez qu&rsquo;une, ne la sacrifiez pas pour 30 secondes de buzz.\u00a0\u00bb<\/p>\n<p class=\"ap-StoryElement ap-StoryElement--mb ap-StoryText\">Masseo, qui avait \u00e9t\u00e9 \u00e9limin\u00e9 apr\u00e8s six semaines, avait pourtant su se d\u00e9marquer durant son aventure Star Academy, notamment <a href=\"https:\/\/www.dhnet.be\/medias\/television\/2024\/11\/04\/une-immersion-dans-les-coulisses-des-nrj-music-awards-entre-rencontres-et-anecdotes-la-dh-vous-explique-tout-7LFVUMOT7RGQRGFKEVBYE6NST4\/\" target=\"_blank\" rel=\"noopener\">en gagnant sa place pour les NRJ Music Awards \u00e0 Cannes aux c\u00f4t\u00e9s de David Guetta<\/a>. Depuis, il avait poursuivi sa carri\u00e8re et partag\u00e9 via son compte Instagram des reprises \u00e0 succ\u00e8s, comme celles de Chris Brown ou de Mariah Carey, cumulant plus de 1,5 million de vues.<\/p>\n<p class=\"ap-StoryElement ap-StoryElement--mb ap-StoryText\">Si certains fans prennent sa d\u00e9fense en affirmant qu&rsquo;il s&rsquo;agirait simplement de maquillage et non de v\u00e9ritables coups de soleil, le jeune artiste, lui, n&rsquo;a pas encore r\u00e9agi \u00e0 cette pol\u00e9mique.<\/p>\n","protected":false},"excerpt":{"rendered":"Marine (Star Ac&rsquo;) se confie \u00e0 la sortie de son album : \u00ab\u00a0&lsquo;Elle est enceinte&rsquo;, \u00c7a d\u00e9borde&rsquo;\u2026 J&rsquo;ai&hellip;\n","protected":false},"author":2,"featured_media":302543,"comment_status":"","ping_status":"","sticky":false,"template":"","format":"standard","meta":{"footnotes":""},"categories":[1355],"tags":[58,59,1011,27,24365,1361,873],"class_list":{"0":"post-302542","1":"post","2":"type-post","3":"status-publish","4":"format-standard","5":"has-post-thumbnail","7":"category-musique","8":"tag-divertissement","9":"tag-entertainment","10":"tag-fr","11":"tag-france","12":"tag-la-star-academy","13":"tag-music","14":"tag-musique"},"share_on_mastodon":{"url":"https:\/\/pubeurope.com\/@fr\/114987050233619984","error":""},"_links":{"self":[{"href":"https:\/\/www.europesays.com\/fr\/wp-json\/wp\/v2\/posts\/302542","targetHints":{"allow":["GET"]}}],"collection":[{"href":"https:\/\/www.europesays.com\/fr\/wp-json\/wp\/v2\/posts"}],"about":[{"href":"https:\/\/www.europesays.com\/fr\/wp-json\/wp\/v2\/types\/post"}],"author":[{"embeddable":true,"href":"https:\/\/www.europesays.com\/fr\/wp-json\/wp\/v2\/users\/2"}],"replies":[{"embeddable":true,"href":"https:\/\/www.europesays.com\/fr\/wp-json\/wp\/v2\/comments?post=302542"}],"version-history":[{"count":0,"href":"https:\/\/www.europesays.com\/fr\/wp-json\/wp\/v2\/posts\/302542\/revisions"}],"wp:featuredmedia":[{"embeddable":true,"href":"https:\/\/www.europesays.com\/fr\/wp-json\/wp\/v2\/media\/302543"}],"wp:attachment":[{"href":"https:\/\/www.europesays.com\/fr\/wp-json\/wp\/v2\/media?parent=302542"}],"wp:term":[{"taxonomy":"category","embeddable":true,"href":"https:\/\/www.europesays.com\/fr\/wp-json\/wp\/v2\/categories?post=302542"},{"taxonomy":"post_tag","embeddable":true,"href":"https:\/\/www.europesays.com\/fr\/wp-json\/wp\/v2\/tags?post=302542"}],"curies":[{"name":"wp","href":"https:\/\/api.w.org\/{rel}","templated":true}]}}