{"id":302544,"date":"2025-08-07T10:38:10","date_gmt":"2025-08-07T10:38:10","guid":{"rendered":"https:\/\/www.europesays.com\/fr\/302544\/"},"modified":"2025-08-07T10:38:10","modified_gmt":"2025-08-07T10:38:10","slug":"la-date-de-sortie-de-la-partie-2-enfin-revelee-les-fans-vont-etre-ravis","status":"publish","type":"post","link":"https:\/\/www.europesays.com\/fr\/302544\/","title":{"rendered":"la date de sortie de la partie 2 enfin r\u00e9v\u00e9l\u00e9e (les fans vont \u00eatre ravis)"},"content":{"rendered":"<p>La fin est proche pour Kaamelott. 20 ans apr\u00e8s le lancement de la pastille humoristique sur M6, Alexandre Astier s\u2019engage un peu plus dans la poursuite de son aventure arthurienne avec un second film dans les salles obscures fran\u00e7aises. Cette suite \u00e9tait promise depuis longtemps, mais peu d\u2019informations ont jusqu\u2019ici \u00e9t\u00e9 communiqu\u00e9es. La date du <strong>22 octobre 2025<\/strong> \u00e9tait n\u00e9anmoins fix\u00e9e sans qu\u2019aucune image n\u2019ait encore \u00e9t\u00e9 montr\u00e9e. Pire, alors que le r\u00e9alisateur promettait un deuxi\u00e8me acte en deux parties, le calendrier de sortie pr\u00e9cis restait un myst\u00e8re. Ce jeudi 7 ao\u00fbt, on en sait enfin un peu plus sur le sujet. La date de sortie <strong>Kaamelott\u00a0: Deuxi\u00e8me volet (partie 2)<\/strong> vient d\u2019\u00eatre officialis\u00e9e et confirme qu\u2019une seule ann\u00e9e s\u00e9parera les deux films.<\/p>\n<p>Le rendez-vous est d\u2019ores et d\u00e9j\u00e0 pris pour le <strong>11 novembre 2026<\/strong> dans les cin\u00e9mas fran\u00e7ais. Dans un communiqu\u00e9, Astier explique\u00a0: \u201cC\u2019est un volet long, constitu\u00e9 de nombreuses histoires parall\u00e8les qui m\u00e9ritent que l\u2019on s\u2019y attarde. Je n\u2019aurais pas compress\u00e9 tout \u00e7a en deux heures. Mais il s\u2019agit bien d\u2019un volet unique\u00a0: une unit\u00e9 de temps claire, les m\u00eames mondes, les m\u00eames aventures\u2026 et surtout le m\u00eame tournage\u201d. En effet, en immortalisant cette nouvelle aventure d\u2019affil\u00e9e, sur un tournage de huit mois, le r\u00e9alisateur s\u2019est offert l\u2019opportunit\u00e9 d\u2019acc\u00e9l\u00e9rer la cadence. Cela fait maintenant quatre ans que le premier film a investi le grand \u00e9cran.<\/p>\n<p> Un casting long comme le bras <\/p>\n<p>Comme une bonne nouvelle n\u2019arrive jamais seule, la liste des com\u00e9diens convoqu\u00e9s pour ces nouveaux volets a \u00e9t\u00e9 communiqu\u00e9e. Plusieurs personnages absents du Premier Volet feront leur grand retour. C\u2019est particuli\u00e8rement vrai pour Yvain, Chevalier au Lion jou\u00e9 par Simon Astier. La disparition du beau-fr\u00e8re d\u2019Arthur comptait parmi les nombreuses zones d\u2019ombre que la suite devait \u00e9claircir. Il n\u2019interviendra pas avant la deuxi\u00e8me partie de ce second chapitre.<\/p>\n<blockquote class=\"instagram-media\" style=\"background: #FFF; border: 0; border-radius: 3px; box-shadow: 0 0 1px 0 rgba(0,0,0,0.5),0 1px 10px 0 rgba(0,0,0,0.15); margin: 1px; max-width: 540px; min-width: 326px; padding: 0; width: calc(100% - 2px);\" data-instgrm-captioned=\"\" data-instgrm-permalink=\"https:\/\/www.instagram.com\/p\/DNDEheaNZhI\/?utm_source=ig_embed&amp;utm_campaign=loading\" data-instgrm-version=\"14\"><\/blockquote>\n<p>Du reste, on sait d\u00e9j\u00e0 qu\u2019Alain Chabat reprendra du service, tout comme Guillaume Gallienne, Nicolas Gabion ou encore Lionnel Astier et Jo\u00eblle Sevilla. Anne Girouard retrouvera quant \u00e0 elle Geni\u00e8vre, personnage central dans cette affrontement entre Lancelot et Arthur. On peut tout de m\u00eame noter<strong> l\u2019absence de Perceval camp\u00e9 par Frank Pitiot.<\/strong> Alors m\u00eame qu\u2019il compte parmi les personnages les plus c\u00e9l\u00e8bres de la mythologie, le chevalier de la Table ronde ne sera visiblement pas invit\u00e9 \u00e0 prendre part \u00e0 cette nouvelle aventure. Voici la distribution dans le d\u00e9tail.<\/p>\n<p>  Kaamelott\u00a0: Deuxi\u00e8me volet (partie 1) <\/p>\n<ul>\n<li>Alzagar\u00a0: Guillaume Galienne<\/li>\n<li>Anna de Tintagel\u00a0: Virginie Ledoyen<\/li>\n<li>Arthur Pendragon\u00a0: Alexandre Astier<\/li>\n<li>Aziliz\u00a0: Alexandra Saadoun<\/li>\n<li>Bohort de Gaunes\u00a0: Nicolas Gabion<\/li>\n<li>Brise-B\u00fbche\u00a0: Cyrille Coton-Bonacchi<\/li>\n<li>Calogrenant de Cal\u00e9donie\u00a0: St\u00e9phane Margot<\/li>\n<li>Casparzh\u00a0: Haroun<\/li>\n<li>Ciar d\u2019Orcanie\u00a0: L\u00e9a Pellin<\/li>\n<li>Concle le Fameux\u00a0: Daniel Mesguich<\/li>\n<li>Cryda de Tintagel\u00a0: Claire Nadeau<\/li>\n<li>La Dame du Lac\u00a0: Audrey Fleurot<\/li>\n<li>D\u00e9neig\u00a0: Thomas Chimer<\/li>\n<li>La Drille\u00a0: Mathieu Duboclard<\/li>\n<li>Le Duc d\u2019Aquitaine\u00a0: Alain Chabat<\/li>\n<li>\u00c9lias de Kelliwich\u2019 : Bruno Fontaine<\/li>\n<li>Ffraid\u00a0: Luna Karys<\/li>\n<li>Fraganan de Carm\u00e9lide\u00a0: Marie-Christine Orry<\/li>\n<li>Gareth d\u2019Orcanie\u00a0: Thomas Neyret<\/li>\n<li>Gauvin d\u2019Orcanie\u00a0: Aur\u00e9lien Portehaut<\/li>\n<li>G\u00e9ran\u00a0: Moguiz<\/li>\n<li>Girflet\u00a0: Hugo Halet<\/li>\n<li>Goffanan\u00a0: Thomas VDB<\/li>\n<li>Gueni\u00e8vre\u00a0: Anne Girouard<\/li>\n<li>Guethenoc\u00a0: Serge Papagalli<\/li>\n<li>Herv\u00e9 de Rinel\u00a0: Tony Saba<\/li>\n<li>Ho\u00ebl d\u2019Amorique\u00a0: Eddy Letexier<\/li>\n<li>Iagu\u00a0: Hugo Leman<\/li>\n<li>Le Jurisconsulte\u00a0: Christian Clavier<\/li>\n<li>Kadoc de Vannes\u00a0: Brice Fournier<\/li>\n<li>Karadoc de Vannes\u00a0: Jean-Christophe Hembert<\/li>\n<li>Kleyton\u00a0: St\u00e9phane Filloque<\/li>\n<li>Kolaig\u00a0: Sylvain Quim\u00e8ne<\/li>\n<li>Lamorak de Galles\u00a0: Fran\u00e7ois Raison<\/li>\n<li>Lancelot du Lac\u00a0: Thomas Cousseau<\/li>\n<li>L\u00e9odagan de Carm\u00e9lide\u00a0: Lionnel Astier<\/li>\n<li>Lucan, Chevalier-Seiche\u00a0:\u00a0 Ethan Astier<\/li>\n<li>Maclou\u00a0: David Ayala<\/li>\n<li>Mehben\u00a0: Ariane Astier<\/li>\n<li>Mehgan\u00a0: Jeanne Astier<\/li>\n<li>Merlin l\u2019enchanteur\u00a0: Jacques Chambon<\/li>\n<li>M\u00e9l\u00e9gant\u00a0: Carlo Brandt<\/li>\n<li>Petrok\u00a0: Lucas Garcia.<\/li>\n<li>La P\u00e8gue\u00a0: Medhi Rahim-Silvioli<\/li>\n<li>Quarto\u00a0: Clovis Cornillac<\/li>\n<li>Roparzh\u00a0: Gilles Graveleau<\/li>\n<li>Rostan, Chevalier Provence\u00a0: Paul Valy<\/li>\n<li>S\u00e9li\u00a0: Jo\u00eblle Sevilla<\/li>\n<li>Silas\u00a0: Redouane Bougheraba<\/li>\n<li>Socra d\u2019Irlande\u00a0: Louise Orry-Diqu\u00e9ro<\/li>\n<li>Le Tavernier\u00a0: Alain Chapuis<\/li>\n<li>Tr\u00e9vor\u00a0: James Astier<\/li>\n<li>Fumet\u00a0: Magali Saadoun<\/li>\n<li>Vareznota\u00a0: Linh-Dan Pham<\/li>\n<li>Venec\u00a0: Lo\u00efc Varraut<\/li>\n<li>Ygerne de Tintagel\u00a0: Jos\u00e9e Drevon<\/li>\n<\/ul>\n<p>Concernant le deuxi\u00e8me volet, une majorit\u00e9 des acteurs et actrices cit\u00e9s reprendront \u00e9videmment du service alors que la lutte entre Arthur et Lancelot promet de gagner en intensit\u00e9. Le synopsis des deux parties offre d\u2019ailleurs un meilleur aper\u00e7u de ce qui attend les spectateurs. On peut y lire\u00a0: \u201cLe\u00a0<strong>deuxi\u00e8me volet de\u00a0Kaamelott<\/strong> est le chapitre o\u00f9 Arthur envoie ses chevaliers \u2014 v\u00e9t\u00e9rans ou novices, compagnons de longue date ou recrues de l\u2019ann\u00e9e \u2014 \u00e0 l\u2019Aventure. Il s\u2019agit donc d\u2019un nombre colossal de personnages, regroup\u00e9s en \u00e9quipes, qui quittent la Table Ronde pour aller prouver leur valeur et leur courage aux quatre coins du monde.\u201d.\u00a0Et des aventuriers, il va y en avoir quantit\u00e9.<\/p>\n<p>  Kaamelott\u00a0: Deuxi\u00e8me volet (partie 2) <\/p>\n<ul>\n<li>Alafarn\u00a0: Franck Dubosc<\/li>\n<li>Anna de Tintagel\u00a0: Virginie Ledoyen<\/li>\n<li>Arthur Pendragon\u00a0: Alexandre Astier<\/li>\n<li>Bohort de Gaunes\u00a0: Nicolas Gabion<\/li>\n<li>Casparzh\u00a0: Haroun<\/li>\n<li>Ciar d\u2019Orcanie\u00a0: L\u00e9a Pellin<\/li>\n<li>Concle le Fameux\u00a0: Daniel Mesguich<\/li>\n<li>Dagonet\u00a0: Antoine de Caunes<\/li>\n<li>La Dame du Lac\u00a0: Audrey Fleurot<\/li>\n<li>Deneig\u00a0: Thomas Chimer<\/li>\n<li>La Drille\u00a0: Mathieu Duboclard<\/li>\n<li>Elias de Kellwich\u2019 : Bruno Fontaine<\/li>\n<li>Ferghus\u00a0: Alban Lenoir<\/li>\n<li>Galessin d\u2019Orcanie\u00a0: Alexis Henon<\/li>\n<li>Gareth d\u2019Orcanie\u00a0: Thomas Neyret<\/li>\n<li>Gauvin d\u2019Orcanie\u00a0: Aur\u00e9lien Portehaut<\/li>\n<li>G\u00e9ran\u00a0: Moguiz<\/li>\n<li>Girflet\u00a0: Hugo Halet<\/li>\n<li>Goffanan\u00a0: Thomas VDB<\/li>\n<li>Gueni\u00e8vre\u00a0: Anne Girouard<\/li>\n<li>Hemming\u00a0: Math\u00e9o Martin<\/li>\n<li>Herv\u00e9 de Rinel\u00a0: Tony Saba<\/li>\n<li>Horsa\u00a0: Sting<\/li>\n<li>Iagu\u00a0: Hugo Leman<\/li>\n<li>Iagu\u00a0: Hugo Leman<\/li>\n<li>Le Jurisconsulte\u00a0: Christian Clavier<\/li>\n<li>Karadoc de Vannes\u00a0: Jean-Christophe Hembert<\/li>\n<li>Kolaig\u00a0: Sylvain Quim\u00e8ne<\/li>\n<li>Konrad\u00a0: Damien Roux<\/li>\n<li>Lancelot du Lac\u00a0: Thomas Cousseau<\/li>\n<li>L\u00e9odagan de Carm\u00e9lide\u00a0: Lionnel Astier<\/li>\n<li>Loth d\u2019Orcanie\u00a0: Fran\u00e7ois Rollin<\/li>\n<li>Lucan, Chevalier-Seiche\u00a0:\u00a0 Ethan Astier<\/li>\n<li>Maclou\u00a0: David Ayala<\/li>\n<li>Mehben\u00a0: Ariane Astier<\/li>\n<li>Mehgan\u00a0: Jeanne Astier<\/li>\n<li>Merlin l\u2019enchanteur\u00a0: Jacques Chambon<\/li>\n<li>Mevanwhi de Vannes\u00a0: Caroline Ferrus<\/li>\n<li>M\u00e9l\u00e9agant\u00a0: Carlo Brandt<\/li>\n<li>P\u00e8re Blaise\u00a0: Jean-Robert Lombard<\/li>\n<li>Petrok\u00a0: Lucas Garcia<\/li>\n<li>Le Peager\u00a0: Etienne Guillou-Kervern<\/li>\n<li>Rostan, Chevalier de Provence\u00a0: Paul Valy<\/li>\n<li>S\u00e9li\u00a0: Jo\u00eblle Sevilla<\/li>\n<li>Le Tavernier\u00a0: Alain Chapuis<\/li>\n<li>Tr\u00e9vor\u00a0: James Astier<\/li>\n<li>Valkr\u00a0: Lucie Sue<\/li>\n<li>Vareznota\u00a0: Linh-Dan Pham<\/li>\n<li>Venec\u00a0: Lo\u00efc Varraut<\/li>\n<li>Yvain, Chevalier au Lion\u00a0: Simon Astier<\/li>\n<li>Zo\u00efpos\u00a0: Patrick Pineau<\/li>\n<\/ul>\n<blockquote>\n<p class=\"text-base text-neutral-700 dark:text-neutral-300\">\ud83d\udfe3 Pour ne manquer aucune news sur le Journal du Geek, abonnez-vous sur <a href=\"https:\/\/news.google.com\/publications\/CAAqBwgKMNr_hAswwYyCAw?hl=fr&amp;gl=FR&amp;ceid=FR%3Afr\" target=\"_blank\" rel=\"noopener\">Google Actualit\u00e9s<\/a> et sur <a href=\"https:\/\/whatsapp.com\/channel\/0029VaClM5y4tRry12tb7D2h\" target=\"_blank\" rel=\"noopener\">notre WhatsApp<\/a>. Et si vous nous adorez, on a <a href=\"https:\/\/www.journaldugeek.com\/newsletter\/\" target=\"_blank\" rel=\"noopener\">une newsletter tous les matins<\/a>.<\/p>\n<\/blockquote>\n<p>        <script async src=\"\/\/www.instagram.com\/embed.js\"><\/script><\/p>\n","protected":false},"excerpt":{"rendered":"La fin est proche pour Kaamelott. 20 ans apr\u00e8s le lancement de la pastille humoristique sur M6, Alexandre&hellip;\n","protected":false},"author":2,"featured_media":302545,"comment_status":"","ping_status":"","sticky":false,"template":"","format":"standard","meta":{"footnotes":""},"categories":[1354],"tags":[14989,58,59,1346,1011,27,41019,1360],"class_list":{"0":"post-302544","1":"post","2":"type-post","3":"status-publish","4":"format-standard","5":"has-post-thumbnail","7":"category-films","8":"tag-alexandre-astier","9":"tag-divertissement","10":"tag-entertainment","11":"tag-films","12":"tag-fr","13":"tag-france","14":"tag-kaamelott","15":"tag-movies"},"share_on_mastodon":{"url":"https:\/\/pubeurope.com\/@fr\/114987054205113358","error":""},"_links":{"self":[{"href":"https:\/\/www.europesays.com\/fr\/wp-json\/wp\/v2\/posts\/302544","targetHints":{"allow":["GET"]}}],"collection":[{"href":"https:\/\/www.europesays.com\/fr\/wp-json\/wp\/v2\/posts"}],"about":[{"href":"https:\/\/www.europesays.com\/fr\/wp-json\/wp\/v2\/types\/post"}],"author":[{"embeddable":true,"href":"https:\/\/www.europesays.com\/fr\/wp-json\/wp\/v2\/users\/2"}],"replies":[{"embeddable":true,"href":"https:\/\/www.europesays.com\/fr\/wp-json\/wp\/v2\/comments?post=302544"}],"version-history":[{"count":0,"href":"https:\/\/www.europesays.com\/fr\/wp-json\/wp\/v2\/posts\/302544\/revisions"}],"wp:featuredmedia":[{"embeddable":true,"href":"https:\/\/www.europesays.com\/fr\/wp-json\/wp\/v2\/media\/302545"}],"wp:attachment":[{"href":"https:\/\/www.europesays.com\/fr\/wp-json\/wp\/v2\/media?parent=302544"}],"wp:term":[{"taxonomy":"category","embeddable":true,"href":"https:\/\/www.europesays.com\/fr\/wp-json\/wp\/v2\/categories?post=302544"},{"taxonomy":"post_tag","embeddable":true,"href":"https:\/\/www.europesays.com\/fr\/wp-json\/wp\/v2\/tags?post=302544"}],"curies":[{"name":"wp","href":"https:\/\/api.w.org\/{rel}","templated":true}]}}