{"id":302546,"date":"2025-08-07T10:39:10","date_gmt":"2025-08-07T10:39:10","guid":{"rendered":"https:\/\/www.europesays.com\/fr\/302546\/"},"modified":"2025-08-07T10:39:10","modified_gmt":"2025-08-07T10:39:10","slug":"des-etudes-alertent-sur-les-effets-a-long-terme-des-statines-sur-le-coeur","status":"publish","type":"post","link":"https:\/\/www.europesays.com\/fr\/302546\/","title":{"rendered":"des \u00e9tudes alertent sur les effets \u00e0 long terme des statines sur le c\u0153ur"},"content":{"rendered":"<p>Longtemps pr\u00e9sent\u00e9es comme des alli\u00e9es incontournables dans la lutte contre les maladies cardiovasculaires, les statines \u2013 ces m\u00e9dicaments hypocholest\u00e9rol\u00e9miants prescrits \u00e0 des millions de patients \u00e0 travers le monde \u2013 font aujourd\u2019hui l\u2019objet d\u2019une remise en question croissante. Un r\u00e9cent article de synth\u00e8se, publi\u00e9 <a href=\"https:\/\/cardiacos.net\/wp-content\/uploads\/2019\/04\/2015-Statins-stimulate-atherosclerosis-and-heart-failure-pharmacological-mechanisms.pdf\" rel=\"nofollow noopener\" target=\"_blank\">dans la revue\u00a0Clinical Pharmacology<\/a>, met en lumi\u00e8re des effets secondaires potentiellement graves li\u00e9s \u00e0 leur usage prolong\u00e9 : calcification des art\u00e8res coronaires, d\u00e9ficits nutritionnels, et augmentation du risque d\u2019insuffisance cardiaque.<\/p>\n<p>Un paradoxe m\u00e9dical : pr\u00e9venir les crises en favorisant l\u2019ath\u00e9roscl\u00e9rose ?<\/p>\n<p>L\u2019objectif principal des statines est de r\u00e9duire le taux de cholest\u00e9rol LDL, souvent d\u00e9sign\u00e9 comme le \u00ab mauvais cholest\u00e9rol \u00bb, afin de pr\u00e9venir l\u2019ath\u00e9roscl\u00e9rose et ses complications (infarctus, AVC). Mais selon la revue scientifique, leur usage prolong\u00e9 pourrait avoir un effet inverse : en favorisant la calcification des art\u00e8res coronaires, elles contribueraient paradoxalement \u00e0 accentuer le risque de maladie cardiaque.<\/p>\n<p>La calcification art\u00e9rielle se produit lorsque le calcium s\u2019accumule dans les parois des art\u00e8res, provoquant leur durcissement. Ce ph\u00e9nom\u00e8ne entrave la circulation sanguine et peut entra\u00eener des infarctus. Plusieurs \u00e9tudes, dont une parue en 2021 dans le\u00a0Kaohsiung Journal of Medical Sciences, \u00e9tablissent un lien entre prise de statines, d\u00e9ficit en vitamine K2 \u2013 un nutriment essentiel dans la r\u00e9gulation du calcium \u2013 et progression de cette calcification.<\/p>\n<p>Carences en nutriments cl\u00e9s : CoQ10, vitamine K et s\u00e9l\u00e9nium<\/p>\n<p>Les statines agiraient comme des\u00a0toxines mitochondriales, selon les auteurs du rapport. En inhibant la production naturelle de coenzyme Q10 (CoQ10), elles affecteraient le fonctionnement des cellules musculaires, notamment celles du c\u0153ur. Cette substance est cruciale pour produire l\u2019ATP, principale source d\u2019\u00e9nergie cellulaire. Une carence prolong\u00e9e en CoQ10 peut donc affaiblir le muscle cardiaque et favoriser une insuffisance cardiaque.<\/p>\n<p>Une \u00e9tude de 2008, publi\u00e9e dans\u00a0BioFactors, avait d\u00e9j\u00e0 mis en \u00e9vidence l\u2019am\u00e9lioration de la fonction cardiaque chez des patients ayant cess\u00e9 de prendre des statines et pris des compl\u00e9ments de CoQ10 pendant pr\u00e8s de deux ans.<\/p>\n<p>Les statines nuiraient \u00e9galement \u00e0 la synth\u00e8se de la vitamine K \u2013 essentielle pour \u00e9viter la calcification vasculaire \u2013 et aux prot\u00e9ines transportant le s\u00e9l\u00e9nium, un autre min\u00e9ral impliqu\u00e9 dans la sant\u00e9 cardiaque.<\/p>\n<p>Des effets secondaires souvent ignor\u00e9s ou sous-estim\u00e9s<\/p>\n<p>Selon les auteurs, les m\u00e9decins prescrivant des statines ne seraient pas toujours conscients de ces effets ind\u00e9sirables. L\u2019insuffisance cardiaque, diagnostiqu\u00e9e chez certains patients trait\u00e9s, est souvent attribu\u00e9e \u00e0 d\u2019autres facteurs comme l\u2019\u00e2ge ou l\u2019hypertension, plut\u00f4t qu\u2019au traitement lui-m\u00eame. Cette ignorance poserait un probl\u00e8me \u00e9thique : \u00ab Le principe du consentement \u00e9clair\u00e9 impose de pr\u00e9venir les patients des risques, y compris ceux li\u00e9s \u00e0 l\u2019insuffisance cardiaque \u00bb, rappellent les chercheurs.<\/p>\n<p>Avec plus d\u2019un million d\u2019hospitalisations annuelles pour insuffisance cardiaque rien qu\u2019aux \u00c9tats-Unis, ces conclusions m\u00e9ritent l\u2019attention, d\u2019autant plus qu\u2019elles s\u2019ajoutent \u00e0 d\u2019autres publications alarmantes. Une \u00e9tude de 2022, parue dans\u00a0Arteriosclerosis, Thrombosis, and Vascular Biology, a \u00e9galement \u00e9tabli un lien entre statines et inflammation chronique, une autre piste expliquant leur impact sur la calcification art\u00e9rielle.<\/p>\n<p>Loin d\u2019appeler \u00e0 l\u2019arr\u00eat g\u00e9n\u00e9ralis\u00e9 des statines, ces recherches soulignent la n\u00e9cessit\u00e9 d\u2019une approche plus nuanc\u00e9e et individualis\u00e9e. La suppl\u00e9mentation en CoQ10, une attention particuli\u00e8re au statut en vitamine K2 et une meilleure information des patients pourraient contribuer \u00e0 r\u00e9duire les risques associ\u00e9s \u00e0 ces traitements de long terme.<\/p>\n<p>Cr\u00e9dit photo : DR<br \/>[cc] Breizh-info.com, 2025, d\u00e9p\u00eaches libres de copie et de diffusion sous r\u00e9serve de mention et de lien vers la source d\u2019origine<\/p>\n","protected":false},"excerpt":{"rendered":"Longtemps pr\u00e9sent\u00e9es comme des alli\u00e9es incontournables dans la lutte contre les maladies cardiovasculaires, les statines \u2013 ces m\u00e9dicaments&hellip;\n","protected":false},"author":2,"featured_media":302547,"comment_status":"","ping_status":"","sticky":false,"template":"","format":"standard","meta":{"footnotes":""},"categories":[10],"tags":[1011,27,72,71],"class_list":{"0":"post-302546","1":"post","2":"type-post","3":"status-publish","4":"format-standard","5":"has-post-thumbnail","7":"category-sante","8":"tag-fr","9":"tag-france","10":"tag-health","11":"tag-sante"},"share_on_mastodon":{"url":"https:\/\/pubeurope.com\/@fr\/114987058125042248","error":""},"_links":{"self":[{"href":"https:\/\/www.europesays.com\/fr\/wp-json\/wp\/v2\/posts\/302546","targetHints":{"allow":["GET"]}}],"collection":[{"href":"https:\/\/www.europesays.com\/fr\/wp-json\/wp\/v2\/posts"}],"about":[{"href":"https:\/\/www.europesays.com\/fr\/wp-json\/wp\/v2\/types\/post"}],"author":[{"embeddable":true,"href":"https:\/\/www.europesays.com\/fr\/wp-json\/wp\/v2\/users\/2"}],"replies":[{"embeddable":true,"href":"https:\/\/www.europesays.com\/fr\/wp-json\/wp\/v2\/comments?post=302546"}],"version-history":[{"count":0,"href":"https:\/\/www.europesays.com\/fr\/wp-json\/wp\/v2\/posts\/302546\/revisions"}],"wp:featuredmedia":[{"embeddable":true,"href":"https:\/\/www.europesays.com\/fr\/wp-json\/wp\/v2\/media\/302547"}],"wp:attachment":[{"href":"https:\/\/www.europesays.com\/fr\/wp-json\/wp\/v2\/media?parent=302546"}],"wp:term":[{"taxonomy":"category","embeddable":true,"href":"https:\/\/www.europesays.com\/fr\/wp-json\/wp\/v2\/categories?post=302546"},{"taxonomy":"post_tag","embeddable":true,"href":"https:\/\/www.europesays.com\/fr\/wp-json\/wp\/v2\/tags?post=302546"}],"curies":[{"name":"wp","href":"https:\/\/api.w.org\/{rel}","templated":true}]}}