{"id":302552,"date":"2025-08-07T10:42:16","date_gmt":"2025-08-07T10:42:16","guid":{"rendered":"https:\/\/www.europesays.com\/fr\/302552\/"},"modified":"2025-08-07T10:42:16","modified_gmt":"2025-08-07T10:42:16","slug":"samsung-confirme-larrivee-de-one-ui-8-watch-sur-ces-montres-mais-il-y-a-un-hic","status":"publish","type":"post","link":"https:\/\/www.europesays.com\/fr\/302552\/","title":{"rendered":"Samsung confirme l&rsquo;arriv\u00e9e de One UI\u00a08 Watch sur ces montres, mais il y a un hic"},"content":{"rendered":"<p>Samsung a annonc\u00e9 ce mardi que la mise \u00e0 jour de ses montres connect\u00e9es vers One UI\u00a08 Watch \u00e9tait bien pr\u00e9vue pour cette ann\u00e9e. Seulement, les fonctions seront plus limit\u00e9es que sur les derniers mod\u00e8les. <\/p>\n<p><a href=\"https:\/\/images.frandroid.com\/wp-content\/uploads\/2024\/07\/samsung-galaxy-watch-7-3-1.jpg\" target=\"_blank\" class=\"article-content__figure\" rel=\"noopener\"><img fetchpriority=\"high\" decoding=\"async\" loading=\"eager\" width=\"1200\" height=\"800\" src=\"https:\/\/www.europesays.com\/fr\/wp-content\/uploads\/2025\/08\/samsung-galaxy-watch-7-3-1.jpg\" alt=\"La Samsung Galaxy Watch 7 en version 40 mm\" class=\"wp-image-2083066 wp-image wp-image\"  \/><\/a>La Samsung Galaxy Watch\u00a07 en version 40\u00a0mm \/\/ Source\u00a0: Robin Wycke \u2013 Frandroid<\/p>\n<p>C\u2019est \u00e0 l\u2019occasion de la sortie des nouvelles <a href=\"https:\/\/www.frandroid.com\/marques\/samsung\/2731481_test-de-la-samsung-galaxy-watch-8-une-montre-tout-en-finesse-au-format-innovant\" target=\"_blank\" rel=\"noopener\">Galaxy Watch\u00a0<\/a>8 et Galaxy Watch\u00a08 Classic que Samsung a inaugur\u00e9 sa nouvelle interface pour montres connect\u00e9es, One UI\u00a08 Watch, bas\u00e9 sur Wear OS\u00a0<a href=\"https:\/\/www.frandroid.com\/marques\/google\/2621983_autonomie-cadrans-interface-voici-comment-google-va-ameliorer-votre-montre-connectee-avec-wear-os-6\" target=\"_blank\" rel=\"noopener\">6<\/a>. <\/p>\n<p class=\"shortcode-container see-more\">\n    Pour aller plus loin<br \/><a href=\"https:\/\/www.frandroid.com\/guide-dachat\/1632495_les-meilleures-montres-connectees-samsung-galaxy-watch\" target=\"_blank\" rel=\"noopener\">Quelles sont les meilleures montres connect\u00e9es Samsung Galaxy Watch en 2025 ?<\/a>\n            <\/p>\n<p>Depuis, la marque cor\u00e9enne a <a href=\"https:\/\/www.frandroid.com\/marques\/samsung\/2741533_one-ui-8-watch-ca-y-est-la-mise-a-jour-des-montres-samsung-arrive-deja-sur-cet-ancien-modele\" target=\"_blank\" rel=\"noopener\">d\u00e9j\u00e0 d\u00e9ploy\u00e9 la mise \u00e0 jour de sa nouvelle interface<\/a> vers la <a href=\"https:\/\/www.frandroid.com\/marques\/samsung\/2083126_test-de-la-samsung-galaxy-watch-ultra-une-montre-massive-mais-pleine-de-qualites\" target=\"_blank\" rel=\"noopener\">Galaxy Watch Ultra<\/a> de l\u2019an dernier. Il faut dire que l\u2019adaptation \u00e0 ce mod\u00e8le \u00e9tait plut\u00f4t ais\u00e9e, puisqu\u2019elle int\u00e9grait d\u00e9j\u00e0 des caract\u00e9ristiques similaires \u00e0 la nouvelle <a href=\"https:\/\/www.frandroid.com\/marques\/samsung\/2723559_la-galaxy-watch-ultra-se-refait-une-beaute-avec-une-nouvelle-version-voici-les-nouveautes\" target=\"_blank\" rel=\"noopener\">Galaxy Watch Ultra (2025)<\/a>, \u00e0 l\u2019exception du stockage. <\/p>\n<p>Alors que Samsung avait d\u00e9j\u00e0 annonc\u00e9 que One UI\u00a08 Watch serait disponible sur l\u2019ensemble de ses pr\u00e9c\u00e9dentes montres Wear OS, la firme a donn\u00e9 quelques d\u00e9tails suppl\u00e9mentaires ce mardi <a target=\"_blank\" href=\"https:\/\/news.samsung.com\/uk\/samsung-one-ui-8-beta-will-be-open-for-more-galaxy-devices\" rel=\"noopener\">dans un billet de blog<\/a>\u00a0:<\/p>\n<blockquote class=\"wp-block-quote is-layout-flow wp-block-quote-is-layout-flow\">\n<p>One UI\u00a08 Watch sera disponible sur davantage de mod\u00e8les Galaxy Watch au-del\u00e0 de la gamme Galaxy Watch\u00a08 plus tard dans l\u2019ann\u00e9e. Cette mise \u00e0 jour ajoutera des fonctions de motivation de sant\u00e9 et une interface plus raffin\u00e9e et intuitive \u00e0 un plus grand nombre d\u2019utilisateurs de produits Galaxy.<\/p>\n<\/blockquote>\n<p>Pour l\u2019heure, la marque ne donne pas de grande pr\u00e9cision quant \u00e0 la fen\u00eatre de d\u00e9ploiement de One UI\u00a08 Watch sur les montres Samsung. Cependant, compte tenu des pr\u00e9c\u00e9dentes mises \u00e0 jour, cette communication se veut plut\u00f4t rassurante. Rappelons en effet que One UI\u00a06 Watch, inaugur\u00e9 en juillet 2024 sur les <a href=\"https:\/\/www.frandroid.com\/produits\/montres-bracelet-connectes\/samsung\/2075170-samsung-galaxy-watch-7\" target=\"_blank\" rel=\"noopener\">Galaxy Watch\u00a07<\/a> et <a href=\"https:\/\/www.frandroid.com\/produits\/montres-bracelet-connectes\/samsung\/2075168-samsung-galaxy-watch-ultra\" target=\"_blank\" rel=\"noopener\">Galaxy Watch Ultra<\/a>, avait mis bien longtemps \u00e0 \u00eatre d\u00e9ploy\u00e9 sur les autres mod\u00e8les.<\/p>\n<p><a href=\"https:\/\/images.frandroid.com\/wp-content\/uploads\/2024\/07\/samsung-galaxy-watch-ultra-23.jpg\" target=\"_blank\" class=\"article-content__figure\" rel=\"noopener\"><img loading=\"lazy\" decoding=\"async\" width=\"1200\" height=\"800\" src=\"https:\/\/www.europesays.com\/fr\/wp-content\/uploads\/2025\/08\/samsung-galaxy-watch-ultra-23-1200x800.jpg\" alt=\"La Samsung Galaxy Watch Ultra\" class=\"wp-image-2088306 wp-image\"  \/><\/a>La Samsung Galaxy Watch Ultra \/\/ Source\u00a0: Robin Wycke \u2013 Frandroid<\/p>\n<p>En effet, il avait fallu <a href=\"https:\/\/www.frandroid.com\/marques\/samsung\/2428944_galaxy-watch-les-nouvelles-fonctionnalites-des-montres-samsung-arrivent-enfin-en-france\" target=\"_blank\" rel=\"noopener\">attendre le mois de d\u00e9cembre<\/a> pour que le d\u00e9ploiement de la mise \u00e0 jour se fasse pour les clients europ\u00e9ens de Samsung. Un retard qui faisait suite \u00e0 une phase b\u00eata prolong\u00e9e jusqu\u2019en octobre et qui s\u2019est accompagn\u00e9e d\u2019un <a href=\"https:\/\/www.frandroid.com\/marques\/samsung\/2393790_galaxy-watch-samsung-a-trahi-sa-promesse-de-mise-a-jour-pour-ses-montres-connectees\" target=\"_blank\" rel=\"noopener\">d\u00e9lai notable sur les patchs de s\u00e9curit\u00e9<\/a>. <\/p>\n<p>Des montres plus anciennes bien moins loties<\/p>\n<p>Rappelons n\u00e9anmoins que toutes les Galaxy Watch ne <a href=\"https:\/\/www.frandroid.com\/marques\/samsung\/2712255_galaxy-watch-attention-ces-nouveautes-de-one-ui-8-watch-seront-reservees-aux-montres-les-plus-recentes\" target=\"_blank\" rel=\"noopener\">seront pas log\u00e9es \u00e0 la m\u00eame enseigne<\/a> avec One UI\u00a08 Watch. Si tous les mod\u00e8les de Samsung seront bien mis \u00e0 jour \u2014 \u00e0 partir des Galaxy Watch\u00a04 et Galaxy Watch\u00a0<a href=\"https:\/\/www.frandroid.com\/marques\/samsung\/1032415_test-samsung-galaxy-watch-4-classic\" target=\"_blank\" rel=\"noopener\">4 Classic<\/a> \u2014 certaines fonctions ne seront propos\u00e9es que sur les montres les plus r\u00e9centes. <\/p>\n<p class=\"shortcode-container see-more\">\n    Pour aller plus loin<br \/><a href=\"https:\/\/www.frandroid.com\/marques\/samsung\/2712255_galaxy-watch-attention-ces-nouveautes-de-one-ui-8-watch-seront-reservees-aux-montres-les-plus-recentes\" target=\"_blank\" rel=\"noopener\">Galaxy Watch : attention, ces nouveaut\u00e9s de One UI 8 Watch seront r\u00e9serv\u00e9es aux montres les plus r\u00e9centes<\/a>\n            <\/p>\n<p>Concr\u00e8tement, m\u00eame si la Galaxy Watch\u00a07 partage le m\u00eame processeur et le m\u00eame capteur que la Galaxy Watch Ultra, elle n\u2019aura pas droit au nouvel indice antioxydant, pas plus qu\u2019\u00e0 la mesure de charge vasculaire, r\u00e9serv\u00e9s aux Galaxy Watch\u00a08, Galaxy Watch\u00a08 Classic et Galaxy Watch Ultra. <\/p>\n<p><a href=\"https:\/\/images.frandroid.com\/wp-content\/uploads\/2025\/07\/samsung-galaxy-watch-8-classic-17-1-scaled.jpg\" target=\"_blank\" rel=\"noopener\"><img loading=\"lazy\" decoding=\"async\" width=\"1200\" height=\"800\" src=\"https:\/\/www.europesays.com\/fr\/wp-content\/uploads\/2025\/08\/samsung-galaxy-watch-8-classic-17-1-1200x800.jpg\" alt=\"\" class=\"wp-image-2742669 wp-image\"  \/><\/a>La Samsung Galaxy Watch\u00a08 Classic \/\/ Source\u00a0: Robin Wycke \u2013 Frandroid<\/p>\n<p>De son c\u00f4t\u00e9, la nouvelle fonction \u00ab\u00a0running coach\u00a0\u00bb, pour la course \u00e0 pied, ne sera pas disponible sur les gammes <a href=\"https:\/\/www.frandroid.com\/marques\/samsung\/1048577_test-samsung-galaxy-watch-4\" target=\"_blank\" rel=\"noopener\">Galaxy Watch\u00a04<\/a>, <a href=\"https:\/\/www.frandroid.com\/produits\/montres-bracelet-connectes\/samsung\/1425649-samsung-galaxy-watch-5\" target=\"_blank\" rel=\"noopener\">Galaxy Watch\u00a05<\/a> et <a href=\"https:\/\/www.frandroid.com\/marques\/samsung\/1767091_test-samsung-galaxy-watch-6\" target=\"_blank\" rel=\"noopener\">Galaxy Watch\u00a06<\/a>.<\/p>\n<p class=\"shortcode-container see-more\">\n    Pour aller plus loin<br \/><a href=\"https:\/\/www.frandroid.com\/marques\/samsung\/2649553_one-ui-8-watch-samsung-lance-sa-mise-a-jour-pour-les-galaxy-watch-voici-toutes-les-nouveautes\" target=\"_blank\" rel=\"noopener\">One UI 8 Watch : Samsung lance sa mise \u00e0 jour pour les Galaxy Watch, voici toutes les nouveaut\u00e9s<\/a>\n            <\/p>\n<p>Outre la nouvelle interface graphique, la mise \u00e0 jour sur ces mod\u00e8les se contentera d\u2019ajouter les conseils d\u2019heure de coucher. De son c\u00f4t\u00e9, <a href=\"https:\/\/www.frandroid.com\/produits-android\/accessoires-objets-connectes\/montres-connectees-2\/2744807_gemini-debarque-sur-toutes-les-montres-wear-os-pour-un-assistant-vocal-plus-intelligent\" target=\"_blank\" rel=\"noopener\">Gemini est d\u2019ores et d\u00e9j\u00e0 disponible<\/a> en remplacement de Google Assistant \u00e0 l\u2019aide d\u2019une simple mise \u00e0 jour depuis le Google Play Store, et ce m\u00eame sans mise \u00e0 jour vers One UI\u00a08 Watch. <\/p>\n<p>Rejoignez-nous de 17 \u00e0 19h, un mercredi sur deux, pour l\u2019\u00e9mission <strong>UNLOCK<\/strong> produite par <strong>Frandroid<\/strong> et <strong>Numerama<\/strong> ! Actus tech, interviews, astuces et analyses\u2026 On se retrouve <a href=\"https:\/\/www.twitch.tv\/frandroidlive\" target=\"_blank\" rel=\"noopener\">en direct sur Twitch<\/a> ou en rediffusion <a href=\"https:\/\/www.youtube.com\/@unlocktalk\" target=\"_blank\" rel=\"noopener\">sur YouTube<\/a> !<\/p>\n","protected":false},"excerpt":{"rendered":"Samsung a annonc\u00e9 ce mardi que la mise \u00e0 jour de ses montres connect\u00e9es vers One UI\u00a08 Watch&hellip;\n","protected":false},"author":2,"featured_media":302553,"comment_status":"","ping_status":"","sticky":false,"template":"","format":"standard","meta":{"footnotes":""},"categories":[7],"tags":[1011,27,44273,44274,44275,44276,44277,44278,10706,44279,18534,43,40,41,39,42,44,21285],"class_list":{"0":"post-302552","1":"post","2":"type-post","3":"status-publish","4":"format-standard","5":"has-post-thumbnail","7":"category-sciences-et-technologies","8":"tag-fr","9":"tag-france","10":"tag-samsung-galaxy-watch-4","11":"tag-samsung-galaxy-watch-4-classic","12":"tag-samsung-galaxy-watch-5","13":"tag-samsung-galaxy-watch-5-pro","14":"tag-samsung-galaxy-watch-6","15":"tag-samsung-galaxy-watch-6-classic","16":"tag-samsung-galaxy-watch-7","17":"tag-samsung-galaxy-watch-fe","18":"tag-samsung-one-ui-8-watch","19":"tag-science","20":"tag-science-and-technology","21":"tag-sciences","22":"tag-sciences-et-technologies","23":"tag-technologies","24":"tag-technology","25":"tag-wear-os-6"},"share_on_mastodon":{"url":"https:\/\/pubeurope.com\/@fr\/114987069933156169","error":""},"_links":{"self":[{"href":"https:\/\/www.europesays.com\/fr\/wp-json\/wp\/v2\/posts\/302552","targetHints":{"allow":["GET"]}}],"collection":[{"href":"https:\/\/www.europesays.com\/fr\/wp-json\/wp\/v2\/posts"}],"about":[{"href":"https:\/\/www.europesays.com\/fr\/wp-json\/wp\/v2\/types\/post"}],"author":[{"embeddable":true,"href":"https:\/\/www.europesays.com\/fr\/wp-json\/wp\/v2\/users\/2"}],"replies":[{"embeddable":true,"href":"https:\/\/www.europesays.com\/fr\/wp-json\/wp\/v2\/comments?post=302552"}],"version-history":[{"count":0,"href":"https:\/\/www.europesays.com\/fr\/wp-json\/wp\/v2\/posts\/302552\/revisions"}],"wp:featuredmedia":[{"embeddable":true,"href":"https:\/\/www.europesays.com\/fr\/wp-json\/wp\/v2\/media\/302553"}],"wp:attachment":[{"href":"https:\/\/www.europesays.com\/fr\/wp-json\/wp\/v2\/media?parent=302552"}],"wp:term":[{"taxonomy":"category","embeddable":true,"href":"https:\/\/www.europesays.com\/fr\/wp-json\/wp\/v2\/categories?post=302552"},{"taxonomy":"post_tag","embeddable":true,"href":"https:\/\/www.europesays.com\/fr\/wp-json\/wp\/v2\/tags?post=302552"}],"curies":[{"name":"wp","href":"https:\/\/api.w.org\/{rel}","templated":true}]}}