{"id":302556,"date":"2025-08-07T10:44:11","date_gmt":"2025-08-07T10:44:11","guid":{"rendered":"https:\/\/www.europesays.com\/fr\/302556\/"},"modified":"2025-08-07T10:44:11","modified_gmt":"2025-08-07T10:44:11","slug":"un-automobiliste-flashe-a-plus-de-300-km-h-sur-une-autoroute-du-jamais-vu","status":"publish","type":"post","link":"https:\/\/www.europesays.com\/fr\/302556\/","title":{"rendered":"un automobiliste flash\u00e9 \u00e0 plus de 300\u00a0km\/h sur une autoroute, du jamais vu"},"content":{"rendered":"<p>        <img decoding=\"async\" loading=\"lazy\" src=\"https:\/\/www.europesays.com\/fr\/wp-content\/uploads\/2025\/08\/c65ee1d_1658616225129-5eaa7604250000b711eb0992.jpeg\"  width=\"728\" height=\"410\" alt=\"Une voiture a \u00e9t\u00e9 flash\u00e9e \u00e0 plus de 300\u00a0km\/h en Allemagne fin juillet. (photo d\u2019illustration)\"\/>  <\/p>\n<p>paulcraven via Getty Images<\/p>\n<p>Une voiture a \u00e9t\u00e9 flash\u00e9e \u00e0 plus de 300\u00a0km\/h en Allemagne fin juillet. (photo d\u2019illustration)<\/p>\n<p class=\"asset asset-text\">ALLEMAGNE &#8211; C\u2019\u00e9tait encore du jamais vu en <a href=\"https:\/\/www.huffingtonpost.fr\/international\/article\/en-allemagne-le-deraillement-d-un-train-fait-au-moins-trois-morts-et-de-nombreux-blesses_253032.html\" target=\"_blank\" rel=\"noopener\" title=\"Nouvelle fen\u00eatre\">Allemagne<\/a>. Le 28\u00a0juillet, un automobiliste a \u00e9t\u00e9 flash\u00e9 \u00e0 plus de 300\u00a0km\/h sur une autoroute \u00e0 l\u2019ouest de Berlin, rapportent les autorit\u00e9s et plusieurs m\u00e9dias, <a href=\"https:\/\/www.leparisien.fr\/faits-divers\/un-automobiliste-flashe-a-une-vitesse-record-de-321-kmh-a-bord-de-sa-porsche-panamera-sur-une-autoroute-allemande-07-08-2025-HRRHYUHR55EENGJUWLL5FUY7MA.php?at_variant=link&amp;at_creation=Le%20Parisien&amp;at_campaign=Partage%20Twitter%20CM&amp;at_medium=Social%20media\" target=\"_blank\" rel=\"noopener\" title=\"Nouvelle fen\u00eatre\">dont Le Parisien ce jeudi 7\u00a0ao\u00fbt<\/a>.<\/p>\n<p class=\"asset asset-text\">Le conducteur, \u00e0 bord d\u2019une Porsche Panamera, a exactement \u00e9t\u00e9 flash\u00e9 \u00e0 321\u00a0km\/h. \u00ab\u00a0La vitesse la plus \u00e9lev\u00e9e\u00a0\u00bb jamais enregistr\u00e9e en Allemagne, indiquent les autorit\u00e9s. L\u2019immense majorit\u00e9 des voitures commercialis\u00e9es ne peuvent d\u2019ailleurs pas atteindre cette vitesse.<\/p>\n<p class=\"asset asset-text\">Il s\u2019agit l\u00e0 d\u2019un <a href=\"https:\/\/www.huffingtonpost.fr\/france\/article\/permis-de-conduire-fin-du-retrait-de-point-pour-les-petits-exces-de-vitesse-en-2024-annonce-darmanin_216839.html\" target=\"_blank\" rel=\"noopener\">exc\u00e8s de vitesse<\/a> de pr\u00e8s de 200\u00a0km\/h, par rapport \u00e0 la limitation fix\u00e9e \u00e0 120\u00a0km\/h.<\/p>\n<p>    900\u00a0euros d\u2019amende    <\/p>\n<p class=\"asset asset-text\">Bien que les \u00ab\u00a0Autobahn\u00a0\u00bb, les autoroutes allemandes, soient connues pour ne pas avoir de limitation de vitesse, certaines portions, comme sur l\u2019A2\u00a0o\u00f9 se trouvait l\u2019automobiliste flash\u00e9, se voient appliquer une limitation, parfois de mani\u00e8re temporaire, notamment en cas d\u2019encombrement ou de travaux routiers. L\u2019A2, qui relie la vall\u00e9e de la Ruhr au p\u00e9riph\u00e9rique berlinois, est r\u00e9guli\u00e8rement sujette aux embouteillages. Elle est ainsi soumise \u00e0 une limitation de 120\u00a0km\/h en certains endroits.<\/p>\n<p class=\"asset asset-text\">Pour cet exc\u00e8s, le chauffard risque une amende de 900\u00a0euros, un retrait de deux points et une suspension de son permis de conduire pour trois mois, a fait savoir la police de Madgebourg.<\/p>\n<p class=\"asset asset-text\">Les d\u00e9passements de vitesse \u00ab\u00a0mettent en danger non seulement le conducteur mais aussi tous les usagers de la route\u00a0\u00bb, rappellent \u00e9galement les autorit\u00e9s. \u00ab\u00a0Respectez les limitations de vitesse. Vous roulerez ainsi en toute s\u00e9curit\u00e9 et \u00e9viterez de lourdes amendes, des points de p\u00e9nalit\u00e9 et une interdiction de conduire\u00a0\u00bb, ajoutent-elles.<\/p>\n","protected":false},"excerpt":{"rendered":"paulcraven via Getty Images Une voiture a \u00e9t\u00e9 flash\u00e9e \u00e0 plus de 300\u00a0km\/h en Allemagne fin juillet. (photo&hellip;\n","protected":false},"author":2,"featured_media":302557,"comment_status":"","ping_status":"","sticky":false,"template":"","format":"standard","meta":{"footnotes":""},"categories":[5],"tags":[11,672,4691,5915,118,1011,27,14,12,28],"class_list":{"0":"post-302556","1":"post","2":"type-post","3":"status-publish","4":"format-standard","5":"has-post-thumbnail","7":"category-international","8":"tag-actualites","9":"tag-allemagne","10":"tag-automobilistes","11":"tag-exces-de-vitesse","12":"tag-faits-divers","13":"tag-fr","14":"tag-france","15":"tag-international","16":"tag-news","17":"tag-world"},"share_on_mastodon":{"url":"https:\/\/pubeurope.com\/@fr\/114987077785915937","error":""},"_links":{"self":[{"href":"https:\/\/www.europesays.com\/fr\/wp-json\/wp\/v2\/posts\/302556","targetHints":{"allow":["GET"]}}],"collection":[{"href":"https:\/\/www.europesays.com\/fr\/wp-json\/wp\/v2\/posts"}],"about":[{"href":"https:\/\/www.europesays.com\/fr\/wp-json\/wp\/v2\/types\/post"}],"author":[{"embeddable":true,"href":"https:\/\/www.europesays.com\/fr\/wp-json\/wp\/v2\/users\/2"}],"replies":[{"embeddable":true,"href":"https:\/\/www.europesays.com\/fr\/wp-json\/wp\/v2\/comments?post=302556"}],"version-history":[{"count":0,"href":"https:\/\/www.europesays.com\/fr\/wp-json\/wp\/v2\/posts\/302556\/revisions"}],"wp:featuredmedia":[{"embeddable":true,"href":"https:\/\/www.europesays.com\/fr\/wp-json\/wp\/v2\/media\/302557"}],"wp:attachment":[{"href":"https:\/\/www.europesays.com\/fr\/wp-json\/wp\/v2\/media?parent=302556"}],"wp:term":[{"taxonomy":"category","embeddable":true,"href":"https:\/\/www.europesays.com\/fr\/wp-json\/wp\/v2\/categories?post=302556"},{"taxonomy":"post_tag","embeddable":true,"href":"https:\/\/www.europesays.com\/fr\/wp-json\/wp\/v2\/tags?post=302556"}],"curies":[{"name":"wp","href":"https:\/\/api.w.org\/{rel}","templated":true}]}}