{"id":302564,"date":"2025-08-07T10:49:11","date_gmt":"2025-08-07T10:49:11","guid":{"rendered":"https:\/\/www.europesays.com\/fr\/302564\/"},"modified":"2025-08-07T10:49:11","modified_gmt":"2025-08-07T10:49:11","slug":"connemara-en-avant-premiere-fin-aout-avec-alex-lutz-et-nicolas-mathieu","status":"publish","type":"post","link":"https:\/\/www.europesays.com\/fr\/302564\/","title":{"rendered":"\u00ab\u00a0Connemara\u00a0\u00bb en avant-premi\u00e8re fin ao\u00fbt avec Alex Lutz et Nicolas Mathieu"},"content":{"rendered":"<p>Pour l\u2019un, c\u2019est le cinqui\u00e8me film (comme r\u00e9alisateur), pour l\u2019autre, le troisi\u00e8me roman. Et le deuxi\u00e8me qui franchit le cap de l\u2019adaptation au cin\u00e9ma.<\/p>\n<p>Le 27\u00a0ao\u00fbt prochain, le Cam\u00e9o s\u2019offre une soir\u00e9e qui, \u00e0 coup s\u00fbr, sera tr\u00e8s courue\u00a0: la projection en avant-premi\u00e8re <a href=\"https:\/\/www.estrepublicain.fr\/culture-loisirs\/2025\/07\/14\/connemara-de-nicolas-mathieu-la-bande-annonce-du-film-tourne-en-lorraine-devoilee\" target=\"_blank\" rel=\"noopener\">de Connemara , r\u00e9alis\u00e9 par Alex Lutz,<\/a> et adapt\u00e9 du livre de <a href=\"https:\/\/www.estrepublicain.fr\/p\/nicolas-mathieu\" target=\"_blank\" rel=\"noopener\">Nicolas Mathieu<\/a>. Tous deux feront le d\u00e9placement \u00e0 Nancy pour l\u2019occasion.<\/p>\n<p>M\u00eame pour Nicolas Mathieu, on peut parler de d\u00e9placement puisqu\u2019il a r\u00e9cemment fui la ville pour gagner les Vosges. Mais c\u2019est quand m\u00eame en \u00ab\u00a0r\u00e9gional de l\u2019\u00e9tape\u00a0\u00bb qu\u2019il sera c\u00e9l\u00e9br\u00e9 au Cam\u00e9o, toujours aur\u00e9ol\u00e9 de son prix Goncourt 2018, pour Nos Enfants apr\u00e8s eux.<\/p>\n<p>Ce m\u00eame roman lui avait d\u2019ailleurs permis que soit transpos\u00e9e une premi\u00e8re fois son \u0153uvre sur grand \u00e9cran. Sorti en d\u00e9cembre dernier sous la direction de Ludovic et Zoran Boukherma, Nos enfants apr\u00e8s eux , le film, s\u2019\u00e9tait attir\u00e9 pr\u00e8s de 325\u00a0000 spectateurs en deux mois.<\/p>\n<p>\u00c0 la r\u00e9alisation pour  Connemara , un artiste qu\u2019on conna\u00eet d\u2019abord comme acteur, et surtout humoriste, en la personne d\u2019<a href=\"https:\/\/www.estrepublicain.fr\/p\/alex-lutz\" target=\"_blank\" rel=\"noopener\">Alex Lutz<\/a>. R\u00e9v\u00e9l\u00e9 en particulier dans son duo burlesque Catherine et Liliane de 2012 \u00e0 2019 sur Canal +, il a depuis multipli\u00e9 les r\u00f4les au cin\u00e9 (dans un registre souvent comique, mais capable aussi de surprendre dans la gravit\u00e9). Au th\u00e9\u00e2tre, il s\u2019est aussi maintes fois attel\u00e9 \u00e0 la mise en sc\u00e8ne.<\/p>\n<p>C\u2019est en 2015, avec Le Talent de mes Amis , qu\u2019il est pass\u00e9 pour la premi\u00e8re fois de l\u2019autre c\u00f4t\u00e9 de la cam\u00e9ra, dans le registre com\u00e9die dramatique.<\/p>\n<p>Avec Connemara , c\u2019est \u00e0 une romance chahut\u00e9e qu\u2019il s\u2019attaque. L\u2019histoire d\u2019H\u00e9l\u00e8ne (jou\u00e9e par M\u00e9lanie Thierry), quadrag\u00e9naire d\u2019origine modeste qui, depuis son lyc\u00e9e \u00e0 \u00c9pinal, avait su saisir l\u2019ascenseur social pour aller s\u2019\u00e9panouir dans un cabinet conseil\u2026 \u00e0 Paris.<\/p>\n<p>Jusqu\u2019au jour o\u00f9 un burn-out lui br\u00fble les ailes. Elle rentre alors sur ses terres vosgiennes dans l\u2019espoir de se ressourcer. Elle y croise un ancien camarade de lyc\u00e9e, Christophe, l\u2019ancien beau gosse du bahut, brillant hockeyeur, qui lui n\u2019a jamais quitt\u00e9 sa base. Il semble avoir trouv\u00e9 son \u00e9quilibre entre copains de toujours et profession sans ambition folle.<\/p>\n<p>  Livre best-seller<\/p>\n<p>Un monde les s\u00e9pare, une idylle se noue pourtant. Mais les anciens camarades de lyc\u00e9e ne sont-ils pas entre-temps devenus \u00e9trangers l\u2019un \u00e0 l\u2019autre\u00a0? Ou pire, \u00e9trangers \u00e0 eux-m\u00eames\u00a0?<\/p>\n<p>L\u2019histoire n\u2019est pas sans rappeler le th\u00e8me de Partir un Jour (o\u00f9 jouait d\u00e9j\u00e0 l\u2019excellent Bastien Bouillon\u00a0!), petite perle qui a cr\u00e9\u00e9 la surprise au printemps dernier sous la direction d\u2019Am\u00e9lie Bonnin.<\/p>\n<p>On ne peut donc que lui souhaiter la m\u00eame r\u00e9ussite. La m\u00eame aussi que le roman d\u2019origine entr\u00e9, avec pr\u00e8s de 200\u00a0000 exemplaires vendus (hors \u00e9dition de poche), dans la cat\u00e9gorie des best-sellers.<\/p>\n<p class=\"note\">Connemara, avant-premi\u00e8re, Cam\u00e9o Saint-S\u00e9bastien, mercredi 27\u00a0ao\u00fbt \u00e0 20\u00a0h\u00a015 (sur r\u00e9servation).<\/p>\n","protected":false},"excerpt":{"rendered":"Pour l\u2019un, c\u2019est le cinqui\u00e8me film (comme r\u00e9alisateur), pour l\u2019autre, le troisi\u00e8me roman. Et le deuxi\u00e8me qui franchit&hellip;\n","protected":false},"author":2,"featured_media":302565,"comment_status":"","ping_status":"","sticky":false,"template":"","format":"standard","meta":{"footnotes":""},"categories":[9635],"tags":[1111,11,650,1687,1707,1704,1706,1705,1777,674,1011,27,775,2410,1702,1703,12,25],"class_list":{"0":"post-302564","1":"post","2":"type-post","3":"status-publish","4":"format-standard","5":"has-post-thumbnail","7":"category-nancy","8":"tag-actu","9":"tag-actualites","10":"tag-cinema","11":"tag-culture-loisirs","12":"tag-edition-luneville","13":"tag-edition-nancy-et-agglomeration","14":"tag-edition-pont-a-mousson","15":"tag-edition-toul","16":"tag-eu","17":"tag-europe","18":"tag-fr","19":"tag-france","20":"tag-grand-est","21":"tag-livres-bd","22":"tag-nancy","23":"tag-nancy-ville-54b","24":"tag-news","25":"tag-republique-francaise"},"share_on_mastodon":{"url":"https:\/\/pubeurope.com\/@fr\/114987097505171539","error":""},"_links":{"self":[{"href":"https:\/\/www.europesays.com\/fr\/wp-json\/wp\/v2\/posts\/302564","targetHints":{"allow":["GET"]}}],"collection":[{"href":"https:\/\/www.europesays.com\/fr\/wp-json\/wp\/v2\/posts"}],"about":[{"href":"https:\/\/www.europesays.com\/fr\/wp-json\/wp\/v2\/types\/post"}],"author":[{"embeddable":true,"href":"https:\/\/www.europesays.com\/fr\/wp-json\/wp\/v2\/users\/2"}],"replies":[{"embeddable":true,"href":"https:\/\/www.europesays.com\/fr\/wp-json\/wp\/v2\/comments?post=302564"}],"version-history":[{"count":0,"href":"https:\/\/www.europesays.com\/fr\/wp-json\/wp\/v2\/posts\/302564\/revisions"}],"wp:featuredmedia":[{"embeddable":true,"href":"https:\/\/www.europesays.com\/fr\/wp-json\/wp\/v2\/media\/302565"}],"wp:attachment":[{"href":"https:\/\/www.europesays.com\/fr\/wp-json\/wp\/v2\/media?parent=302564"}],"wp:term":[{"taxonomy":"category","embeddable":true,"href":"https:\/\/www.europesays.com\/fr\/wp-json\/wp\/v2\/categories?post=302564"},{"taxonomy":"post_tag","embeddable":true,"href":"https:\/\/www.europesays.com\/fr\/wp-json\/wp\/v2\/tags?post=302564"}],"curies":[{"name":"wp","href":"https:\/\/api.w.org\/{rel}","templated":true}]}}