{"id":302570,"date":"2025-08-07T10:52:11","date_gmt":"2025-08-07T10:52:11","guid":{"rendered":"https:\/\/www.europesays.com\/fr\/302570\/"},"modified":"2025-08-07T10:52:11","modified_gmt":"2025-08-07T10:52:11","slug":"projet-de-bhns-a-toulon-toulon-en-commun-denonce-un-projet-mal-concu-et-appelle-a-privilegier-le-tramway","status":"publish","type":"post","link":"https:\/\/www.europesays.com\/fr\/302570\/","title":{"rendered":"Projet de BHNS \u00e0 Toulon : Toulon en Commun d\u00e9nonce un projet mal con\u00e7u et appelle \u00e0 privil\u00e9gier le tramway"},"content":{"rendered":"<p>Toulon en Commun conteste le projet BHNS jug\u00e9 insuffisant et milite pour un tramway plus adapt\u00e9 aux enjeux de mobilit\u00e9.<\/p>\n<p><img fetchpriority=\"high\" decoding=\"async\" width=\"980\" height=\"653\" alt=\"Projet BHNS Toulon enqu\u00eate publique mobilit\u00e9\" title=\"bhns-tpm-trace-issu-de-la-concertation-bd\" src=\"https:\/\/www.europesays.com\/fr\/wp-content\/uploads\/2025\/08\/bhns-tpm-trace-issu-de-la-concertation-bd.webp.webp\" class=\"img-responsive wp-image-69035\"\/><\/p>\n<p>Toulon BHNS tramway \u2013 CREDIT : TPM<\/p>\n<p data-start=\"112\" data-end=\"213\"><strong data-start=\"112\" data-end=\"213\">La commission d\u2019enqu\u00eate rend un avis favorable sous conditions, Toulon en Commun monte au cr\u00e9neau<\/strong><\/p>\n<p data-start=\"215\" data-end=\"594\">Dans un communiqu\u00e9 diffus\u00e9 r\u00e9cemment, le mouvement Toulon en Commun s\u2019\u00e9l\u00e8ve contre le projet de Bus \u00e0 Haut Niveau de Service (BHNS) port\u00e9 \u2026<\/p>\n<p>Lire la suite dans l\u2019article <a href=\"https:\/\/www.varactu.fr\/projet-de-bhns-a-toulon-toulon-en-commun-denonce-un-projet-mal-concu-et-appelle-a-privilegier-le-tramway\/\" rel=\"nofollow noopener\" target=\"_blank\">Projet de BHNS \u00e0 Toulon : Toulon en Commun d\u00e9nonce un projet mal con\u00e7u et appelle \u00e0 privil\u00e9gier le tramway<\/a> qui est apparu en premier sur <a href=\"https:\/\/www.varactu.fr\" rel=\"nofollow noopener\" target=\"_blank\">Var Actu<\/a>.<\/p>\n","protected":false},"excerpt":{"rendered":"Toulon en Commun conteste le projet BHNS jug\u00e9 insuffisant et milite pour un tramway plus adapt\u00e9 aux enjeux&hellip;\n","protected":false},"author":2,"featured_media":302571,"comment_status":"","ping_status":"","sticky":false,"template":"","format":"standard","meta":{"footnotes":""},"categories":[9619],"tags":[1111,11,1777,674,1011,27,12,882,25,2310],"class_list":{"0":"post-302570","1":"post","2":"type-post","3":"status-publish","4":"format-standard","5":"has-post-thumbnail","7":"category-toulon","8":"tag-actu","9":"tag-actualites","10":"tag-eu","11":"tag-europe","12":"tag-fr","13":"tag-france","14":"tag-news","15":"tag-provence-alpes-cote-dazur","16":"tag-republique-francaise","17":"tag-toulon"},"share_on_mastodon":{"url":"https:\/\/pubeurope.com\/@fr\/114987109429935618","error":""},"_links":{"self":[{"href":"https:\/\/www.europesays.com\/fr\/wp-json\/wp\/v2\/posts\/302570","targetHints":{"allow":["GET"]}}],"collection":[{"href":"https:\/\/www.europesays.com\/fr\/wp-json\/wp\/v2\/posts"}],"about":[{"href":"https:\/\/www.europesays.com\/fr\/wp-json\/wp\/v2\/types\/post"}],"author":[{"embeddable":true,"href":"https:\/\/www.europesays.com\/fr\/wp-json\/wp\/v2\/users\/2"}],"replies":[{"embeddable":true,"href":"https:\/\/www.europesays.com\/fr\/wp-json\/wp\/v2\/comments?post=302570"}],"version-history":[{"count":0,"href":"https:\/\/www.europesays.com\/fr\/wp-json\/wp\/v2\/posts\/302570\/revisions"}],"wp:featuredmedia":[{"embeddable":true,"href":"https:\/\/www.europesays.com\/fr\/wp-json\/wp\/v2\/media\/302571"}],"wp:attachment":[{"href":"https:\/\/www.europesays.com\/fr\/wp-json\/wp\/v2\/media?parent=302570"}],"wp:term":[{"taxonomy":"category","embeddable":true,"href":"https:\/\/www.europesays.com\/fr\/wp-json\/wp\/v2\/categories?post=302570"},{"taxonomy":"post_tag","embeddable":true,"href":"https:\/\/www.europesays.com\/fr\/wp-json\/wp\/v2\/tags?post=302570"}],"curies":[{"name":"wp","href":"https:\/\/api.w.org\/{rel}","templated":true}]}}