{"id":302578,"date":"2025-08-07T10:57:12","date_gmt":"2025-08-07T10:57:12","guid":{"rendered":"https:\/\/www.europesays.com\/fr\/302578\/"},"modified":"2025-08-07T10:57:12","modified_gmt":"2025-08-07T10:57:12","slug":"fc-rouen-fc-fleury-91","status":"publish","type":"post","link":"https:\/\/www.europesays.com\/fr\/302578\/","title":{"rendered":"FC Rouen &#8211; FC Fleury 91 &#8230;"},"content":{"rendered":"<p>Une \u00e9quation \u00e0 plusieurs inconnues !<\/p>\n<p>Les donn\u00e9es \u2026<\/p>\n<p>Un premier match \u00e0 huis clos.<\/p>\n<p>Un FC Rouen profond\u00e9ment remani\u00e9.<\/p>\n<p>Un FC Fleury pour qui le plus gros du recrutement a \u00e9t\u00e9 eff\u00e9ctu\u00e9 la saison derni\u00e8re pour l\u2019accession en National, et qui b\u00e9n\u00e9ficie d\u00e9j\u00e0 d\u2019une certaine coh\u00e9sion.<\/p>\n<p>Les rouennais ne pourront pas profiter de l\u2019appui du \u00ab\u00a012 \u00e8me homme\u00a0\u00bb, il faudra \u00eatre fort sportivement et psychologiquement pour n\u00e9gocier cette frustration.<\/p>\n<p>Allez Rouen les supporters sont l\u00e0 !<\/p>\n<p>En attendant il sera peut \u00eatre possible de voir la rencontre sur BFM Normandie, ou la cha\u00eene Youtube RMC.<\/p>\n<p>Contrairement \u00e0 la saison pass\u00e9e, il n\u2019y aura plus de retransmissions de tous les matchs par FFF TV.<\/p>\n<p>\u00a0<\/p>\n","protected":false},"excerpt":{"rendered":"Une \u00e9quation \u00e0 plusieurs inconnues ! Les donn\u00e9es \u2026 Un premier match \u00e0 huis clos. Un FC Rouen&hellip;\n","protected":false},"author":2,"featured_media":302579,"comment_status":"","ping_status":"","sticky":false,"template":"","format":"standard","meta":{"footnotes":""},"categories":[9587],"tags":[1111,11,1777,674,1011,27,12,5161,25,9590],"class_list":{"0":"post-302578","1":"post","2":"type-post","3":"status-publish","4":"format-standard","5":"has-post-thumbnail","7":"category-rouen","8":"tag-actu","9":"tag-actualites","10":"tag-eu","11":"tag-europe","12":"tag-fr","13":"tag-france","14":"tag-news","15":"tag-normandie","16":"tag-republique-francaise","17":"tag-rouen"},"share_on_mastodon":{"url":"https:\/\/pubeurope.com\/@fr\/114987128916778298","error":""},"_links":{"self":[{"href":"https:\/\/www.europesays.com\/fr\/wp-json\/wp\/v2\/posts\/302578","targetHints":{"allow":["GET"]}}],"collection":[{"href":"https:\/\/www.europesays.com\/fr\/wp-json\/wp\/v2\/posts"}],"about":[{"href":"https:\/\/www.europesays.com\/fr\/wp-json\/wp\/v2\/types\/post"}],"author":[{"embeddable":true,"href":"https:\/\/www.europesays.com\/fr\/wp-json\/wp\/v2\/users\/2"}],"replies":[{"embeddable":true,"href":"https:\/\/www.europesays.com\/fr\/wp-json\/wp\/v2\/comments?post=302578"}],"version-history":[{"count":0,"href":"https:\/\/www.europesays.com\/fr\/wp-json\/wp\/v2\/posts\/302578\/revisions"}],"wp:featuredmedia":[{"embeddable":true,"href":"https:\/\/www.europesays.com\/fr\/wp-json\/wp\/v2\/media\/302579"}],"wp:attachment":[{"href":"https:\/\/www.europesays.com\/fr\/wp-json\/wp\/v2\/media?parent=302578"}],"wp:term":[{"taxonomy":"category","embeddable":true,"href":"https:\/\/www.europesays.com\/fr\/wp-json\/wp\/v2\/categories?post=302578"},{"taxonomy":"post_tag","embeddable":true,"href":"https:\/\/www.europesays.com\/fr\/wp-json\/wp\/v2\/tags?post=302578"}],"curies":[{"name":"wp","href":"https:\/\/api.w.org\/{rel}","templated":true}]}}