{"id":302580,"date":"2025-08-07T10:58:11","date_gmt":"2025-08-07T10:58:11","guid":{"rendered":"https:\/\/www.europesays.com\/fr\/302580\/"},"modified":"2025-08-07T10:58:11","modified_gmt":"2025-08-07T10:58:11","slug":"grenoble-le-cambrioleur-en-serie-de-14-ans-a-encore-frappe","status":"publish","type":"post","link":"https:\/\/www.europesays.com\/fr\/302580\/","title":{"rendered":"Grenoble. Le cambrioleur en s\u00e9rie de 14 ans a encore frapp\u00e9\u00a0!"},"content":{"rendered":"<p>Les policiers de la brigade anticriminalit\u00e9 de Grenoble ont surpris un adolescent qui tentait d\u00e9sesp\u00e9r\u00e9ment d\u2019ouvrir un tiroir-caisse, dans le Jardin de Ville de Grenoble, vers 4 heures du matin, ce jeudi 7\u00a0ao\u00fbt.<\/p>\n<p>Apr\u00e8s recherches, ils ont d\u00e9couvert que le tiroir-caisse en question provenait d\u2019un restaurant de la rue Brocherie, cambriol\u00e9 un peu plus t\u00f4t dans la nuit.<\/p>\n<p>Ce contenu est bloqu\u00e9 car vous n&rsquo;avez pas accept\u00e9 les cookies et autres traceurs.<\/p>\n<p>En cliquant sur \u00ab J\u2019accepte \u00bb, les cookies et autres traceurs seront d\u00e9pos\u00e9s et vous pourrez visualiser les contenus  (<a href=\"\" class=\"consentModule_policy\" target=\"_blank\" title=\"Consulter la politique de protection des donn\u00e9es du fournisseur\">plus d&rsquo;informations<\/a>).<\/p>\n<p>En cliquant sur \u00ab J\u2019accepte tous les cookies \u00bb, vous autorisez des d\u00e9p\u00f4ts de cookies et autres traceurs pour le stockage de vos donn\u00e9es sur nos sites et applications \u00e0 des fins de personnalisation et de ciblage publicitaire.<\/p>\n<p class=\"consentModule_secondaryText\">Vous gardez la possibilit\u00e9 de retirer votre consentement \u00e0 tout moment en consultant notre <a href=\"https:\/\/www.ledauphine.com\/protection-des-donnees\" target=\"_blank\" title=\"Consulter notre politique de protection des donn\u00e9es\" rel=\"noopener\">politique de protection des donn\u00e9es<\/a>. <br \/>&#13;<br \/>\n            <a href=\"https:\/\/www.ledauphine.com\/faits-divers-justice\/2025\/08\/07\/javascript:Didomi.notice.show()\" class=\"consentModule_cmp\" target=\"_blank\" rel=\"noopener\">G\u00e9rer mes choix<\/a>&#13;\n        <\/p>\n<p>&#13;<br \/>\n                        J&rsquo;accepte&#13;<br \/>\n            J&rsquo;accepte tous les cookies&#13;\n        <\/p>\n<p>Le jeune suspect a \u00e9t\u00e9 interpell\u00e9 et plac\u00e9 en garde \u00e0 vue \u00e0 l\u2019h\u00f4tel de police.<\/p>\n<p><a href=\"https:\/\/www.ledauphine.com\/faits-divers-justice\/2025\/07\/10\/cambrioleur-en-serie-a-seulement-14-ans-et-trois-mefaits-en-une-semaine\" target=\"_blank\" rel=\"noopener\">Pour la troisi\u00e8me fois en un mois\u00a0!<\/a><\/p>\n<p>Au petit matin du 7\u00a0juillet dernier, ce m\u00eame mineur isol\u00e9 et sans domicile fixe avait en effet d\u00e9j\u00e0 \u00e9t\u00e9 interpell\u00e9 alors qu\u2019il tentait de se cacher dans un placard\u00a0du restaurant Indien Le Punjab, situ\u00e9 rue Irvoy \u00e0 Grenoble, o\u00f9 il s\u2019\u00e9tait introduit par effraction. Il avait alors \u00e9t\u00e9 reconnu comme \u00e9tant \u00e9galement l\u2019auteur d\u2019un autre cambriolage commis la veille au soir dans un appartement de la rue Edgar-Quinet dans le quartier Saint-Bruno \u00e0 Grenoble.<\/p>\n<p>Mais \u00e0 peine sorti de son audition par les policiers, il avait r\u00e9cidiv\u00e9 dans la nuit du 9 au 10\u00a0juillet en p\u00e9n\u00e9trant dans la boulangerie Le Chantilly, situ\u00e9e 4 route de Lyon \u00e0 Grenoble, par la cour int\u00e9rieure de l\u2019immeuble apr\u00e8s \u00eatre pass\u00e9 par les toits. Alert\u00e9 par le boulanger qui travaillait alors dans son atelier, il avait \u00e9t\u00e9 intercept\u00e9 par les policiers au moment o\u00f9 il tentait de fuir en emportant sa sacoche.<\/p>\n","protected":false},"excerpt":{"rendered":"Les policiers de la brigade anticriminalit\u00e9 de Grenoble ont surpris un adolescent qui tentait d\u00e9sesp\u00e9r\u00e9ment d\u2019ouvrir un tiroir-caisse,&hellip;\n","protected":false},"author":2,"featured_media":302581,"comment_status":"","ping_status":"","sticky":false,"template":"","format":"standard","meta":{"footnotes":""},"categories":[9566],"tags":[1111,11,2430,271,272,112,1777,674,274,107,1011,27,2731,2732,108,12,25],"class_list":{"0":"post-302580","1":"post","2":"type-post","3":"status-publish","4":"format-standard","5":"has-post-thumbnail","7":"category-grenoble","8":"tag-actu","9":"tag-actualites","10":"tag-auvergne-rhone-alpes","11":"tag-crime","12":"tag-delit-et-contravention","13":"tag-edition-grenoble-agglomeration","14":"tag-eu","15":"tag-europe","16":"tag-faits-divers-justice","17":"tag-fil-info","18":"tag-fr","19":"tag-france","20":"tag-grenoble","21":"tag-grenoble-bassin","22":"tag-isere","23":"tag-news","24":"tag-republique-francaise"},"share_on_mastodon":{"url":"https:\/\/pubeurope.com\/@fr\/114987133166398817","error":""},"_links":{"self":[{"href":"https:\/\/www.europesays.com\/fr\/wp-json\/wp\/v2\/posts\/302580","targetHints":{"allow":["GET"]}}],"collection":[{"href":"https:\/\/www.europesays.com\/fr\/wp-json\/wp\/v2\/posts"}],"about":[{"href":"https:\/\/www.europesays.com\/fr\/wp-json\/wp\/v2\/types\/post"}],"author":[{"embeddable":true,"href":"https:\/\/www.europesays.com\/fr\/wp-json\/wp\/v2\/users\/2"}],"replies":[{"embeddable":true,"href":"https:\/\/www.europesays.com\/fr\/wp-json\/wp\/v2\/comments?post=302580"}],"version-history":[{"count":0,"href":"https:\/\/www.europesays.com\/fr\/wp-json\/wp\/v2\/posts\/302580\/revisions"}],"wp:featuredmedia":[{"embeddable":true,"href":"https:\/\/www.europesays.com\/fr\/wp-json\/wp\/v2\/media\/302581"}],"wp:attachment":[{"href":"https:\/\/www.europesays.com\/fr\/wp-json\/wp\/v2\/media?parent=302580"}],"wp:term":[{"taxonomy":"category","embeddable":true,"href":"https:\/\/www.europesays.com\/fr\/wp-json\/wp\/v2\/categories?post=302580"},{"taxonomy":"post_tag","embeddable":true,"href":"https:\/\/www.europesays.com\/fr\/wp-json\/wp\/v2\/tags?post=302580"}],"curies":[{"name":"wp","href":"https:\/\/api.w.org\/{rel}","templated":true}]}}