{"id":302582,"date":"2025-08-07T10:59:10","date_gmt":"2025-08-07T10:59:10","guid":{"rendered":"https:\/\/www.europesays.com\/fr\/302582\/"},"modified":"2025-08-07T10:59:10","modified_gmt":"2025-08-07T10:59:10","slug":"raffaele-costa-storti-est-arrive-a-grenoble","status":"publish","type":"post","link":"https:\/\/www.europesays.com\/fr\/302582\/","title":{"rendered":"Raffaele Costa-Storti est arriv\u00e9 \u00e0 Grenoble !"},"content":{"rendered":"<p>L\u2019ailier international Portugais Raffaele Costa-Storti a r\u00e9cemment quitt\u00e9 le Stade-Fran\u00e7ais Paris pour relever un nouveau challenge en Pro D2, du c\u00f4t\u00e9 du FC Grenoble.<\/p>\n<p>Et bonne nouvelle pour les supporters du club Is\u00e9rois : Raffaele Costa-Storti est arriv\u00e9 \u00e0 Grenoble.<\/p>\n<p>Ce-dernier a sign\u00e9 un contrat de deux saisons en faveur du FCG, soit jusqu\u2019au mois de juin 2027.<\/p>\n<p>Il a d\u00e9but\u00e9 l\u2019entrainement ce jeudi avec le club Grenoblois, apr\u00e8s avoir pass\u00e9 plusieurs semaines au CERS.<\/p>\n","protected":false},"excerpt":{"rendered":"L\u2019ailier international Portugais Raffaele Costa-Storti a r\u00e9cemment quitt\u00e9 le Stade-Fran\u00e7ais Paris pour relever un nouveau challenge en Pro&hellip;\n","protected":false},"author":2,"featured_media":302583,"comment_status":"","ping_status":"","sticky":false,"template":"","format":"standard","meta":{"footnotes":""},"categories":[9566],"tags":[1111,11,2430,1777,674,1011,27,2731,12,25],"class_list":{"0":"post-302582","1":"post","2":"type-post","3":"status-publish","4":"format-standard","5":"has-post-thumbnail","7":"category-grenoble","8":"tag-actu","9":"tag-actualites","10":"tag-auvergne-rhone-alpes","11":"tag-eu","12":"tag-europe","13":"tag-fr","14":"tag-france","15":"tag-grenoble","16":"tag-news","17":"tag-republique-francaise"},"share_on_mastodon":{"url":"https:\/\/pubeurope.com\/@fr\/114987136743368045","error":""},"_links":{"self":[{"href":"https:\/\/www.europesays.com\/fr\/wp-json\/wp\/v2\/posts\/302582","targetHints":{"allow":["GET"]}}],"collection":[{"href":"https:\/\/www.europesays.com\/fr\/wp-json\/wp\/v2\/posts"}],"about":[{"href":"https:\/\/www.europesays.com\/fr\/wp-json\/wp\/v2\/types\/post"}],"author":[{"embeddable":true,"href":"https:\/\/www.europesays.com\/fr\/wp-json\/wp\/v2\/users\/2"}],"replies":[{"embeddable":true,"href":"https:\/\/www.europesays.com\/fr\/wp-json\/wp\/v2\/comments?post=302582"}],"version-history":[{"count":0,"href":"https:\/\/www.europesays.com\/fr\/wp-json\/wp\/v2\/posts\/302582\/revisions"}],"wp:featuredmedia":[{"embeddable":true,"href":"https:\/\/www.europesays.com\/fr\/wp-json\/wp\/v2\/media\/302583"}],"wp:attachment":[{"href":"https:\/\/www.europesays.com\/fr\/wp-json\/wp\/v2\/media?parent=302582"}],"wp:term":[{"taxonomy":"category","embeddable":true,"href":"https:\/\/www.europesays.com\/fr\/wp-json\/wp\/v2\/categories?post=302582"},{"taxonomy":"post_tag","embeddable":true,"href":"https:\/\/www.europesays.com\/fr\/wp-json\/wp\/v2\/tags?post=302582"}],"curies":[{"name":"wp","href":"https:\/\/api.w.org\/{rel}","templated":true}]}}