{"id":302586,"date":"2025-08-07T11:01:11","date_gmt":"2025-08-07T11:01:11","guid":{"rendered":"https:\/\/www.europesays.com\/fr\/302586\/"},"modified":"2025-08-07T11:01:11","modified_gmt":"2025-08-07T11:01:11","slug":"stade-rennais-om-les-supporters-surveilles-par-drones-pour-eviter-les-debordements-lors-de-la-1re-journee-de-ligue-1","status":"publish","type":"post","link":"https:\/\/www.europesays.com\/fr\/302586\/","title":{"rendered":"Stade Rennais &#8211; OM\u00a0: les supporters surveill\u00e9s par drones pour \u00e9viter les d\u00e9bordements lors de la 1re journ\u00e9e de Ligue\u00a01"},"content":{"rendered":"<p>Ce vendredi 15 ao\u00fbt, la Ligue 1 fait son grand retour en France. Pour son premier match de la saison, le Stade Rennais affrontera l\u2019Olympique de Marseille \u00e0 domicile au Roazhon Park. \u00c0 cette occasion, la pr\u00e9fecture d\u2019Ille-et-Vilaine a d\u00e9livr\u00e9, ce mercredi 6 ao\u00fbt, un arr\u00eat\u00e9 visant \u00e0 autoriser le d\u00e9ploiement de drones autour du stade.<\/p>\n<p>Le match, qui devrait se jouer \u00e0 guichets ferm\u00e9s, est scrut\u00e9 par les services de police qui craignent des tensions entre les supporters. La pr\u00e9fecture fait \u00e9tat de \u00ab relations d\u00e9t\u00e9rior\u00e9es entre les ultras rennais et marseillais \u00bb et rappelle le passif des collectifs de supporters. La rencontre a, elle, \u00e9t\u00e9 class\u00e9e au niveau deux sur cinq par la Division nationale de lutte contre le hooliganisme.<\/p>\n<p>Selon la pr\u00e9fecture, le recours aux drones permettra de \u00ab d\u00e9tecter plus rapidement les groupes de supporters susceptibles de se livre \u00e0 des affrontements \u00bb et d\u2019am\u00e9liorer ainsi \u00ab la r\u00e9activit\u00e9 des unit\u00e9s de police \u00bb.<\/p>\n<p>Des rencontres sous tensions<\/p>\n<p>Pour justifier sa d\u00e9cision, la pr\u00e9fecture rappelle les \u00e9pisodes de violence lors de pr\u00e9c\u00e9dentes rencontres entre les deux clubs. Parmi ces exemples, la derni\u00e8re venue de l\u2019OM \u00e0 Rennes en janvier dernier, o\u00f9 des ultras marseillais du Commandos Ultras 85 avaient particip\u00e9 \u00e0 une rixe sur une aire d\u2019autoroute. \u00c9galement en cause, la rencontre du 14 mai 2022, o\u00f9 des \u00ab \u00e9chauffour\u00e9es avaient eu lieu entre les ultras du Roazhon Celtic Kop et une cinquantaine de Marseillais \u00bb.<\/p>\n<p>L\u2019arr\u00eat\u00e9 autorise donc la \u00ab captation, l\u2019enregistrement et la transmission d\u2019image \u00bb par les services de police dans un p\u00e9rim\u00e8tre d\u00e9limit\u00e9 aux alentours du stade. La d\u00e9cision pr\u00e9cise tout de m\u00eame que seuls deux drones seront d\u00e9ploy\u00e9s entre 15 h et 23 h 30. La pr\u00e9fecture annonce que cette d\u00e9cision fera l\u2019objet d\u2019une communication sur les r\u00e9seaux sociaux afin de pr\u00e9venir les participants en amont.<\/p>\n","protected":false},"excerpt":{"rendered":"Ce vendredi 15 ao\u00fbt, la Ligue 1 fait son grand retour en France. Pour son premier match de&hellip;\n","protected":false},"author":2,"featured_media":302587,"comment_status":"","ping_status":"","sticky":false,"template":"","format":"standard","meta":{"footnotes":""},"categories":[2821],"tags":[1111,11,829,765,3166,1777,674,63,1011,27,848,66,12,584,25,60,3087],"class_list":{"0":"post-302586","1":"post","2":"type-post","3":"status-publish","4":"format-standard","5":"has-post-thumbnail","7":"category-rennes","8":"tag-actu","9":"tag-actualites","10":"tag-bretagne","11":"tag-en-continu","12":"tag-en-continu-sports","13":"tag-eu","14":"tag-europe","15":"tag-football","16":"tag-fr","17":"tag-france","18":"tag-ille-et-vilaine","19":"tag-ligue-1","20":"tag-news","21":"tag-rennes","22":"tag-republique-francaise","23":"tag-sports","24":"tag-stade-rennais"},"share_on_mastodon":{"url":"https:\/\/pubeurope.com\/@fr\/114987144691126712","error":""},"_links":{"self":[{"href":"https:\/\/www.europesays.com\/fr\/wp-json\/wp\/v2\/posts\/302586","targetHints":{"allow":["GET"]}}],"collection":[{"href":"https:\/\/www.europesays.com\/fr\/wp-json\/wp\/v2\/posts"}],"about":[{"href":"https:\/\/www.europesays.com\/fr\/wp-json\/wp\/v2\/types\/post"}],"author":[{"embeddable":true,"href":"https:\/\/www.europesays.com\/fr\/wp-json\/wp\/v2\/users\/2"}],"replies":[{"embeddable":true,"href":"https:\/\/www.europesays.com\/fr\/wp-json\/wp\/v2\/comments?post=302586"}],"version-history":[{"count":0,"href":"https:\/\/www.europesays.com\/fr\/wp-json\/wp\/v2\/posts\/302586\/revisions"}],"wp:featuredmedia":[{"embeddable":true,"href":"https:\/\/www.europesays.com\/fr\/wp-json\/wp\/v2\/media\/302587"}],"wp:attachment":[{"href":"https:\/\/www.europesays.com\/fr\/wp-json\/wp\/v2\/media?parent=302586"}],"wp:term":[{"taxonomy":"category","embeddable":true,"href":"https:\/\/www.europesays.com\/fr\/wp-json\/wp\/v2\/categories?post=302586"},{"taxonomy":"post_tag","embeddable":true,"href":"https:\/\/www.europesays.com\/fr\/wp-json\/wp\/v2\/tags?post=302586"}],"curies":[{"name":"wp","href":"https:\/\/api.w.org\/{rel}","templated":true}]}}