{"id":302588,"date":"2025-08-07T11:02:12","date_gmt":"2025-08-07T11:02:12","guid":{"rendered":"https:\/\/www.europesays.com\/fr\/302588\/"},"modified":"2025-08-07T11:02:12","modified_gmt":"2025-08-07T11:02:12","slug":"strasbourg-fin-de-laction-publique-contre-leveque-gallican-soupconne-dappartenir-a-un-reseau-pedocriminel","status":"publish","type":"post","link":"https:\/\/www.europesays.com\/fr\/302588\/","title":{"rendered":"Strasbourg. Fin de l\u2019action publique contre l\u2019\u00e9v\u00eaque gallican, soup\u00e7onn\u00e9 d\u2019appartenir \u00e0 un r\u00e9seau p\u00e9docriminel"},"content":{"rendered":"<p>Mercredi 6 ao\u00fbt, le tribunal correctionnel de Strasbourg a constat\u00e9 l\u2019extinction de l\u2019action publique des poursuites concernant l\u2019\u00e9v\u00eaque de l\u2019\u00c9glise gallicane, <a href=\"https:\/\/www.dna.fr\/faits-divers-justice\/2025\/06\/21\/l-eveque-gallican-soupconne-d-appartenir-a-un-reseau-pedocriminel-est-decede\" target=\"_blank\" rel=\"noopener\">d\u00e9c\u00e9d\u00e9 le 20 juin<\/a>, <a href=\"https:\/\/www.dna.fr\/faits-divers-justice\/2025\/05\/23\/vaste-reseau-pedocriminel-demantele-l-eveque-gallican-mis-en-cause-s-est-defenestre\" target=\"_blank\" rel=\"noopener\">apr\u00e8s s\u2019\u00eatre d\u00e9fenestr\u00e9<\/a>.<\/p>\n<p>Interpell\u00e9 fin mai \u00e0 Lingolsheim dans le cadre du d\u00e9mant\u00e8lement d\u2019un r\u00e9seau de p\u00e9docriminalit\u00e9, l\u2019homme \u00e2g\u00e9 de 45 ans s\u2019\u00e9tait jet\u00e9 du troisi\u00e8me \u00e9tage du domicile de sa m\u00e8re \u00e0 Geispolsheim, quelques heures avant sa comparution devant la justice, le 23 mai. Il avait ensuite \u00e9t\u00e9 plong\u00e9 dans le coma.<\/p>\n<p>M e Micha\u00ebl Wacquez, son conseil, a tenu \u00e0 dire \u00ab un mot des circonstances du d\u00e9c\u00e8s \u00bb de son client. \u00ab Il a fait l\u2019objet d\u2019un v\u00e9ritable acharnement de la part de certains m\u00e9dias jusqu\u2019\u00e0 devant son domicile, qui a conduit \u00e0 son geste fatal \u00bb, a-t-il d\u00e9plor\u00e9.<\/p>\n","protected":false},"excerpt":{"rendered":"Mercredi 6 ao\u00fbt, le tribunal correctionnel de Strasbourg a constat\u00e9 l\u2019extinction de l\u2019action publique des poursuites concernant l\u2019\u00e9v\u00eaque&hellip;\n","protected":false},"author":2,"featured_media":302589,"comment_status":"","ping_status":"","sticky":false,"template":"","format":"standard","meta":{"footnotes":""},"categories":[2820],"tags":[1111,11,2649,2880,1777,674,274,107,1011,27,775,12,25,640,2879],"class_list":{"0":"post-302588","1":"post","2":"type-post","3":"status-publish","4":"format-standard","5":"has-post-thumbnail","7":"category-strasbourg","8":"tag-actu","9":"tag-actualites","10":"tag-bas-rhin","11":"tag-edition-strasbourg","12":"tag-eu","13":"tag-europe","14":"tag-faits-divers-justice","15":"tag-fil-info","16":"tag-fr","17":"tag-france","18":"tag-grand-est","19":"tag-news","20":"tag-republique-francaise","21":"tag-strasbourg","22":"tag-strasbourg-ville"},"share_on_mastodon":{"url":"https:\/\/pubeurope.com\/@fr\/114987148876834206","error":""},"_links":{"self":[{"href":"https:\/\/www.europesays.com\/fr\/wp-json\/wp\/v2\/posts\/302588","targetHints":{"allow":["GET"]}}],"collection":[{"href":"https:\/\/www.europesays.com\/fr\/wp-json\/wp\/v2\/posts"}],"about":[{"href":"https:\/\/www.europesays.com\/fr\/wp-json\/wp\/v2\/types\/post"}],"author":[{"embeddable":true,"href":"https:\/\/www.europesays.com\/fr\/wp-json\/wp\/v2\/users\/2"}],"replies":[{"embeddable":true,"href":"https:\/\/www.europesays.com\/fr\/wp-json\/wp\/v2\/comments?post=302588"}],"version-history":[{"count":0,"href":"https:\/\/www.europesays.com\/fr\/wp-json\/wp\/v2\/posts\/302588\/revisions"}],"wp:featuredmedia":[{"embeddable":true,"href":"https:\/\/www.europesays.com\/fr\/wp-json\/wp\/v2\/media\/302589"}],"wp:attachment":[{"href":"https:\/\/www.europesays.com\/fr\/wp-json\/wp\/v2\/media?parent=302588"}],"wp:term":[{"taxonomy":"category","embeddable":true,"href":"https:\/\/www.europesays.com\/fr\/wp-json\/wp\/v2\/categories?post=302588"},{"taxonomy":"post_tag","embeddable":true,"href":"https:\/\/www.europesays.com\/fr\/wp-json\/wp\/v2\/tags?post=302588"}],"curies":[{"name":"wp","href":"https:\/\/api.w.org\/{rel}","templated":true}]}}