{"id":302590,"date":"2025-08-07T11:03:16","date_gmt":"2025-08-07T11:03:16","guid":{"rendered":"https:\/\/www.europesays.com\/fr\/302590\/"},"modified":"2025-08-07T11:03:16","modified_gmt":"2025-08-07T11:03:16","slug":"strasbourg-refuse-28-millions-pour-dilane-bakwa-france-strasbourg","status":"publish","type":"post","link":"https:\/\/www.europesays.com\/fr\/302590\/","title":{"rendered":"Strasbourg refuse 28 millions pour Dilane Bakwa &#8211; France &#8211; Strasbourg"},"content":{"rendered":"<p>Bakwa ? C\u2019est pas assez 28 millions ?<\/p>\n<p>Apparemment non pour Strasbourg. <a target=\"_blank\" href=\"https:\/\/www.sofoot.com\/articles\/psg-strasbourg-dilane-bakwa-coups-de-folies\" rel=\"nofollow noopener\"><strong>Auteur d\u2019une saison pleine<\/strong><\/a> o\u00f9 il s\u2019est adapt\u00e9 \u00e0 merveille au jeu de Liam Rosenior,<strong> Dilane Bakwa pourrait bien faire ses valises cet \u00e9t\u00e9.<\/strong> Triste nouvelle pour les fans des danses strasbourgeoises puisque ce dernier r\u00e9galait avec Emmanuel Emegha et Diego Moreira. Selon <a target=\"_blank\" href=\"https:\/\/www.lequipe.fr\/Football\/Actualites\/Mercato-strasbourg-refuse-28-m-et-8364-de-nottingham-forest-pour-dilane-bakwa\/1583638\" rel=\"nofollow noopener\">L\u2019\u00c9quipe<\/a>, <strong>Nottingham Forest serait pass\u00e9 \u00e0 l\u2019action<\/strong> pour mettre l\u2019ancien Bordelais dans son panier.<\/p>\n<p>30 \u00e0 35 millions demand\u00e9s<\/p>\n<p>Deux ans apr\u00e8s avoir \u00e9t\u00e9 achet\u00e9 dix millions, l\u2019ailier fran\u00e7ais vaudrait entre 30 et 35 millions, alors que les Anglais n\u2019ont propos\u00e9 que 24 patates + quatre de bonus. <strong>Ces derniers pourraient faire un effort financier dans les prochaines heures afin de r<a target=\"_blank\" href=\"https:\/\/www.sofoot.com\/breves\/mercato-premier-league-newcastle-soffre-anthony-elanga-nottingham-forest-contre-un-joli-pactole\" rel=\"nofollow noopener\">emplacer Anthony Elanga<\/a><\/strong>, parti faire ses gammes \u00e0 Newcastle aux c\u00f4t\u00e9s d\u2019Eddie Howe. <a target=\"_blank\" href=\"https:\/\/www.sofoot.com\/articles\/cest-quoi-ce-mercato-de-zinzin-a-strasbourg\" rel=\"nofollow noopener\">Tr\u00e8s actif sur le mercato, Strasbourg<\/a> pourrait donc \u00e0 nouveau investir dans un ailier si le Fran\u00e7ais venait \u00e0 partir.<\/p>\n<p>Attention, <a target=\"_blank\" href=\"https:\/\/www.sofoot.com\/breves\/mercato-fulham-vise-raheem-sterling\" rel=\"nofollow noopener\">Raheem Sterling en approche<\/a>.<\/p>\n<p>\t\t\t\t\t\t\t\t\t\t<a class=\"lien-connexe\" href=\"https:\/\/www.sofoot.com\/breves\/en-interview-mbaye-niang-en-a-des-vertes-et-des-pas-mures\" rel=\"nofollow noopener\" target=\"_blank\">Floril\u00e8ge de la derni\u00e8re interview de M&rsquo;Baye Niang<\/a>\t\t\t\t\t<\/p>\n","protected":false},"excerpt":{"rendered":"Bakwa ? C\u2019est pas assez 28 millions ? Apparemment non pour Strasbourg. Auteur d\u2019une saison pleine o\u00f9 il&hellip;\n","protected":false},"author":2,"featured_media":302591,"comment_status":"","ping_status":"","sticky":false,"template":"","format":"standard","meta":{"footnotes":""},"categories":[2820],"tags":[1111,47,11,61,69,65,64,1777,674,63,1011,27,775,68,66,12,62,70,25,67,640],"class_list":{"0":"post-302590","1":"post","2":"type-post","3":"status-publish","4":"format-standard","5":"has-post-thumbnail","7":"category-strasbourg","8":"tag-actu","9":"tag-actualite","10":"tag-actualites","11":"tag-actus-football","12":"tag-bundesliga","13":"tag-championnats-europeens","14":"tag-equipe-de-france","15":"tag-eu","16":"tag-europe","17":"tag-football","18":"tag-fr","19":"tag-france","20":"tag-grand-est","21":"tag-ligua","22":"tag-ligue-1","23":"tag-news","24":"tag-news-foot","25":"tag-premier-league","26":"tag-republique-francaise","27":"tag-serie-a","28":"tag-strasbourg"},"share_on_mastodon":{"url":"https:\/\/pubeurope.com\/@fr\/114987152878613066","error":""},"_links":{"self":[{"href":"https:\/\/www.europesays.com\/fr\/wp-json\/wp\/v2\/posts\/302590","targetHints":{"allow":["GET"]}}],"collection":[{"href":"https:\/\/www.europesays.com\/fr\/wp-json\/wp\/v2\/posts"}],"about":[{"href":"https:\/\/www.europesays.com\/fr\/wp-json\/wp\/v2\/types\/post"}],"author":[{"embeddable":true,"href":"https:\/\/www.europesays.com\/fr\/wp-json\/wp\/v2\/users\/2"}],"replies":[{"embeddable":true,"href":"https:\/\/www.europesays.com\/fr\/wp-json\/wp\/v2\/comments?post=302590"}],"version-history":[{"count":0,"href":"https:\/\/www.europesays.com\/fr\/wp-json\/wp\/v2\/posts\/302590\/revisions"}],"wp:featuredmedia":[{"embeddable":true,"href":"https:\/\/www.europesays.com\/fr\/wp-json\/wp\/v2\/media\/302591"}],"wp:attachment":[{"href":"https:\/\/www.europesays.com\/fr\/wp-json\/wp\/v2\/media?parent=302590"}],"wp:term":[{"taxonomy":"category","embeddable":true,"href":"https:\/\/www.europesays.com\/fr\/wp-json\/wp\/v2\/categories?post=302590"},{"taxonomy":"post_tag","embeddable":true,"href":"https:\/\/www.europesays.com\/fr\/wp-json\/wp\/v2\/tags?post=302590"}],"curies":[{"name":"wp","href":"https:\/\/api.w.org\/{rel}","templated":true}]}}