{"id":302596,"date":"2025-08-07T11:06:09","date_gmt":"2025-08-07T11:06:09","guid":{"rendered":"https:\/\/www.europesays.com\/fr\/302596\/"},"modified":"2025-08-07T11:06:09","modified_gmt":"2025-08-07T11:06:09","slug":"parcs-lieux-sombres-a-nantes-pourquoi-la-police-appelle-a-la-plus-grande-vigilance","status":"publish","type":"post","link":"https:\/\/www.europesays.com\/fr\/302596\/","title":{"rendered":"Parcs, lieux sombres&#8230; \u00c0 Nantes, pourquoi la police appelle \u00ab\u00a0\u00e0 la plus grande vigilance\u00a0\u00bb\u00a0?"},"content":{"rendered":"<p>            Par<br \/>\n        <strong><br \/>\n            <a href=\"https:\/\/actu.fr\/auteur\/clemence-pays02-actu-fr\" title=\"Consulter tous les articles de Cl\u00e9mence Pays\" rel=\"nofollow noopener\" target=\"_blank\">Cl\u00e9mence Pays<\/a><br \/>\n        <\/strong><\/p>\n<p>        Publi\u00e9 le<\/p>\n<p>            7 ao\u00fbt 2025 \u00e0 12h29        <\/p>\n<p>\u00ab\u2009Des <strong>patrouilles<\/strong> sont d\u00e9p\u00each\u00e9es au Crapa, \u00e0 La Roseraie et au parc de Praud\u2009\u00bb, indique la Direction interd\u00e9partementale (DIPN 44), \u00e0 la r\u00e9daction d\u2019actu Nantes. Alors qu\u2019<a href=\"https:\/\/actu.fr\/pays-de-la-loire\/reze_44143\/blesse-choque-apres-la-serie-d-agressions-homophobes-a-nantes-un-nouveau-get-apens-tendu-dans-un-parc_63008280.html\" rel=\"nofollow noopener\" target=\"_blank\">une nouvelle violente agression homophobe a eu lieu dans la m\u00e9tropole nantaise<\/a>, jeudi 7\u00a0ao\u00fbt 2025, les forces de l\u2019ordre se mobilisent.<strong> \u00ab\u2009On appelle \u00e0 la plus grande vigilance\u2009\u00bb,<\/strong> mart\u00e8le la DIPN 44.<\/p>\n<p class=\" wall-content\">Pour rappel, en juillet, <a href=\"https:\/\/actu.fr\/pays-de-la-loire\/nantes_44109\/huit-hommes-homosexuels-agresses-dans-un-parc-a-nantes-un-suspect-arrete_62941914.html\" rel=\"nofollow noopener\" target=\"_blank\">huit hommes ont port\u00e9 plainte pour des violences et des vols au parc Crapa<\/a>, sur l\u2019\u00eele Beaulieu, \u00e0 Nantes. \u00c0 la fin du mois, toujours dans la cit\u00e9 des ducs de Bretagne, <a href=\"https:\/\/actu.fr\/pays-de-la-loire\/nantes_44109\/agression-dans-un-parc-a-nantes-il-prend-rendez-vous-sur-grindr-et-tombe-dans-un-piege_62965027.html\" rel=\"nofollow noopener\" target=\"_blank\">au parc de la Roseraie, une nouvelle agression a \u00e9t\u00e9 commise contre un homme<\/a>. Le <strong>guet-apens<\/strong> tendu ce jeudi 7\u00a0ao\u00fbt a \u00e9galement eu lieu dans un parc, \u00e0 Rez\u00e9 cette fois-ci.<\/p>\n<p class=\" wall-content\">\n<p>Les r\u00e9flexes \u00e0 adopter<\/p>\n<p class=\" wall-content\">En compl\u00e9ment des patrouilles op\u00e9r\u00e9es sur les lieux signal\u00e9s, les forces de l\u2019ordre ont pr\u00e9vu de rencontrer <a href=\"https:\/\/actu.fr\/pays-de-la-loire\/nantes_44109\/homophobie-a-nantes-les-locaux-de-l-association-lgbtqia-nosig-ont-ete-tagues_59626273.html\" rel=\"nofollow noopener\" target=\"_blank\">l\u2019association Nosig, le centre LGBTQIA +\u00a0de Nantes<\/a>, \u00ab\u2009pour voir s\u2019ils peuvent <strong>sensibiliser<\/strong> leurs adh\u00e9rents\u2009\u00bb. La police compte \u00e9galement aller <strong>\u00e0 la rencontre de la communaut\u00e9 LGBTQIA +<\/strong>\u00a0dans les lieux de rencontres connus, comme les bars.<\/p>\n<blockquote class=\"ac-article-quote wall-content\">\n<p>Le but n&rsquo;est pas d&rsquo;interdire ces rendez-vous, mais d&rsquo;avertir. Souvent, ces rencontres sont organis\u00e9es sur Snapchat, Grindr, ou d&rsquo;autres r\u00e9seaux sociaux. Parfois, la personne qui donne rendez-vous se dissimule derri\u00e8re des photos et n&rsquo;est pas la m\u00eame personne.<\/p>\n<p>    <strong>Source polici\u00e8re<\/strong>\n            <\/p><\/blockquote>\n<p class=\" wall-content\">Si vous souhaitez vous rendre \u00e0 un point de rencontre, en particulier la nuit, la police recommande de<strong> \u00ab\u2009pr\u00e9venir un ami de ce rendez-vous\u2009\u00bb.<\/strong> Il faut \u00e9galement<strong> \u00ab\u2009\u00e9viter les lieux sombres<\/strong> et \u00e9viter d\u2019emporter des cartes bancaires, des cl\u00e9s\u2026 tout ce qui peut \u00eatre vol\u00e9\u2009\u00bb.<\/p>\n<p class=\" wall-content\">\u00ab\u2009Avant de vous y rendre,<strong> ayez des preuves<\/strong> que la personne que vous allez rejoindre est bien celle que vous pensez. Si vous avez <strong>le moindre doute,<\/strong> il ne faut pas se rendre au rendez-vous\u2009\u00bb, met en garde la police.<\/p>\n<p class=\" wall-content\">Si vous \u00eates victime d\u2019une agression, contactez le 17 et portez plainte au commissariat le plus proche.<\/p>\n<p class=\" wall-content\">Suivez toute l\u2019actualit\u00e9 de vos villes et m\u00e9dias favoris en vous inscrivant \u00e0 <a href=\"https:\/\/moncompte.actu.fr\" title=\"D\u00e9couvez Mon Actu\" rel=\"nofollow noopener\" data-trk=\"{&quot;cta&quot;:{&quot;action&quot;:&quot;https:\\\/\\\/moncompte.actu.fr&quot;,&quot;category&quot;:&quot;mon compte&quot;,&quot;from&quot;:&quot;article footer&quot;,&quot;name&quot;:&quot;Mon actu&quot;,&quot;type&quot;:&quot;cta&quot;}}\" target=\"_blank\">Mon Actu<\/a>.<\/p>\n","protected":false},"excerpt":{"rendered":"Par Cl\u00e9mence Pays Publi\u00e9 le 7 ao\u00fbt 2025 \u00e0 12h29 \u00ab\u2009Des patrouilles sont d\u00e9p\u00each\u00e9es au Crapa, \u00e0 La&hellip;\n","protected":false},"author":2,"featured_media":302597,"comment_status":"","ping_status":"","sticky":false,"template":"","format":"standard","meta":{"footnotes":""},"categories":[2818],"tags":[1111,11,1777,674,1011,27,8717,9087,766,12,2636,1072,25,104],"class_list":{"0":"post-302596","1":"post","2":"type-post","3":"status-publish","4":"format-standard","5":"has-post-thumbnail","7":"category-nantes","8":"tag-actu","9":"tag-actualites","10":"tag-eu","11":"tag-europe","12":"tag-fr","13":"tag-france","14":"tag-homophobie","15":"tag-lgbt","16":"tag-nantes","17":"tag-news","18":"tag-pays-de-la-loire","19":"tag-police","20":"tag-republique-francaise","21":"tag-societe"},"share_on_mastodon":{"url":"https:\/\/pubeurope.com\/@fr\/114987164259413946","error":""},"_links":{"self":[{"href":"https:\/\/www.europesays.com\/fr\/wp-json\/wp\/v2\/posts\/302596","targetHints":{"allow":["GET"]}}],"collection":[{"href":"https:\/\/www.europesays.com\/fr\/wp-json\/wp\/v2\/posts"}],"about":[{"href":"https:\/\/www.europesays.com\/fr\/wp-json\/wp\/v2\/types\/post"}],"author":[{"embeddable":true,"href":"https:\/\/www.europesays.com\/fr\/wp-json\/wp\/v2\/users\/2"}],"replies":[{"embeddable":true,"href":"https:\/\/www.europesays.com\/fr\/wp-json\/wp\/v2\/comments?post=302596"}],"version-history":[{"count":0,"href":"https:\/\/www.europesays.com\/fr\/wp-json\/wp\/v2\/posts\/302596\/revisions"}],"wp:featuredmedia":[{"embeddable":true,"href":"https:\/\/www.europesays.com\/fr\/wp-json\/wp\/v2\/media\/302597"}],"wp:attachment":[{"href":"https:\/\/www.europesays.com\/fr\/wp-json\/wp\/v2\/media?parent=302596"}],"wp:term":[{"taxonomy":"category","embeddable":true,"href":"https:\/\/www.europesays.com\/fr\/wp-json\/wp\/v2\/categories?post=302596"},{"taxonomy":"post_tag","embeddable":true,"href":"https:\/\/www.europesays.com\/fr\/wp-json\/wp\/v2\/tags?post=302596"}],"curies":[{"name":"wp","href":"https:\/\/api.w.org\/{rel}","templated":true}]}}