{"id":302604,"date":"2025-08-07T11:10:16","date_gmt":"2025-08-07T11:10:16","guid":{"rendered":"https:\/\/www.europesays.com\/fr\/302604\/"},"modified":"2025-08-07T11:10:16","modified_gmt":"2025-08-07T11:10:16","slug":"incendie-dans-laude-des-particules-de-fumee-arrivent-a-toulouse-la-qualite-de-lair-se-degrade","status":"publish","type":"post","link":"https:\/\/www.europesays.com\/fr\/302604\/","title":{"rendered":"Incendie dans l&rsquo;Aude. Des particules de fum\u00e9e arrivent \u00e0 Toulouse, la qualit\u00e9 de l&rsquo;air se d\u00e9grade"},"content":{"rendered":"<p>            Par<br \/>\n        <strong><br \/>\n            <a href=\"https:\/\/actu.fr\/auteur\/enzo-legros\" title=\"Consulter tous les articles de Enzo Legros\" target=\"_blank\" rel=\"noopener\">Enzo Legros<\/a><br \/>\n        <\/strong><\/p>\n<p>        Publi\u00e9 le<\/p>\n<p>            7 ao\u00fbt 2025 \u00e0 12h45        <\/p>\n<p>L\u2019air a pu vous para\u00eetre moins agr\u00e9able depuis plusieurs jours <a href=\"https:\/\/actu.fr\/toulouse\/\" target=\"_blank\" rel=\"noopener\">\u00e0 Toulouse<\/a>\u2026 et ce n\u2019\u00e9tait pas qu\u2019une impression. Depuis le 5\u00a0ao\u00fbt 2025 et <a href=\"https:\/\/actu.fr\/occitanie\/ribaute_11311\/incendie-dans-l-aude-feu-circulation-personnes-recherchees-ou-en-est-la-situation_63007693.html\" target=\"_blank\" rel=\"noopener\">le d\u00e9but de l\u2019incendie d\u00e9vastateur en cours dans l\u2019Aude<\/a>, la qualit\u00e9 de l\u2019air se d\u00e9t\u00e9riore progressivement dans le d\u00e9partement de la Haute-Garonne et dans la Ville Rose. \u00c0 tel point que les personnes les plus sensibles \u00e0 la pollution doivent <strong>prendre des pr\u00e9cautions<\/strong>, on vous explique tout.<\/p>\n<p>La fum\u00e9e port\u00e9e par le vent<\/p>\n<p class=\" wall-content\">Une subtile odeur de br\u00fbl\u00e9, un souffle plus lourd qu\u2019\u00e0 l\u2019accoutum\u00e9e\u2026 Les signes que peuvent remarquer les Toulousains sont multiples ce jeudi 7 ao\u00fbt, et sont bien justifi\u00e9s. Selon <a href=\"https:\/\/www.atmo-occitanie.org\/occitanie\" target=\"_blank\" rel=\"noopener\">Atmo Occitanie<\/a>, la qualit\u00e9 de l\u2019air est <strong>\u00ab\u2009mauvaise\u2009\u00bb<\/strong> en Haute-Garonne, trois jours apr\u00e8s le d\u00e9part du feu. D\u2019apr\u00e8s les donn\u00e9es de l\u2019entreprise suisse <a href=\"https:\/\/www.iqair.com\/fr\/air-quality-map?zoomLevel=1\" target=\"_blank\" rel=\"noopener\">IQAir,<\/a> le vent n\u2019aide pas \u00e0 am\u00e9liorer la situation.<\/p>\n<p>    <img   decoding=\"async\" loading=\"lazy\" src=\"https:\/\/www.europesays.com\/fr\/wp-content\/uploads\/2025\/08\/capture-decran-2025-08-07-112014-1-960x640.png\" alt=\"La fum\u00e9e se dirige tout droit vers Toulouse, port\u00e9 par un vent d\u00e9favorable.\" width=\"960\" height=\"640\"\/><br \/>\n    La fum\u00e9e se dirige tout droit vers Toulouse, port\u00e9 par un vent d\u00e9favorable. (\u00a9IQAir)<\/p>\n<p class=\" wall-content\">Les masses d\u2019air, contenant des particules fines polluantes, sont port\u00e9es par des courants allant de l\u2019Aude vers le nord-ouest, en direction <a href=\"https:\/\/actu.fr\/occitanie\/haute-garonne_31\" target=\"_blank\" rel=\"noopener\">de la Haute-Garonne<\/a>. Dans le d\u00e9partement, le secteur des Pyr\u00e9n\u00e9es et <a href=\"https:\/\/actu.fr\/occitanie\/saint-gaudens_31483\" target=\"_blank\" rel=\"noopener\">de Saint-Gaudens<\/a> va \u00eatre le plus touch\u00e9 dans les prochains jours, mais Toulouse n\u2019y \u00e9chappe pas non plus.<\/p>\n<p>Un air lourd au moins jusqu\u2019\u00e0 vendredi<\/p>\n<p class=\" wall-content\">La concentration de l\u2019air en particules fines est multipli\u00e9e par trois ce jeudi \u00e0 hauteur de Toulouse. La situation <strong>ne devrait pas s\u2019arranger<\/strong> dans les prochains jours. Tant que l\u2019incendie sera en cours et que le vent continuera de porter la fum\u00e9e vers l\u2019ouest, la qualit\u00e9 de l\u2019air risque de rester mauvaise. Atmo Occitanie pr\u00e9voit pour la journ\u00e9e de vendredi<strong> une persistance du niveau de pollution<\/strong>.<\/p>\n<p class=\" wall-content\">\u00ab\u2009Les concentrations de PM 10 et PM 2,5 pourraient rester \u00e9lev\u00e9es sur une partie des d\u00e9partements limitrophes\u2009\u00bb, indique-t-elle. Les particules pr\u00e9sentes, surtout concentr\u00e9es dans le sud ce jeudi, pourraient se dissiper et remonter vers Toulouse vendredi.<\/p>\n<p>Vid\u00e9os : en ce moment sur Actu\u00catre vigilant aux sympt\u00f4mes li\u00e9s \u00e0 la pollution<\/p>\n<p class=\" wall-content\">Pendant toute la dur\u00e9e de cette <a href=\"https:\/\/actu.fr\/toulouse\/pollution\" target=\"_blank\" rel=\"noopener\">pollution aux particules fines<\/a> d\u00e9gag\u00e9es par l\u2019incendie, il est fortement conseill\u00e9 de veiller \u00e0 sa sant\u00e9. \u00ab\u2009Envisagez de r\u00e9duire les activit\u00e9s intenses \u00e0 l\u2019ext\u00e9rieur si vous ressentez des sympt\u00f4mes\u2009: mal aux yeux, toux ou maux de gorge\u2009\u00bb, pr\u00e9conise Atmo Occitanie.<\/p>\n<p class=\" wall-content\">Pour les personnes les plus sensibles, il vaut mieux \u00ab\u2009se m\u00e9nager\u2009\u00bb, ajoute l\u2019observatoire r\u00e9gional. Les habitants souffrant d\u2019asthme, de probl\u00e8mes cardiaques ou pulmonaires sont particuli\u00e8rement concern\u00e9s.<\/p>\n<p class=\" wall-content\">Suivez toute l\u2019actualit\u00e9 de vos villes et m\u00e9dias favoris en vous inscrivant \u00e0 <a href=\"https:\/\/moncompte.actu.fr\" title=\"D\u00e9couvez Mon Actu\" rel=\"nofollow noopener\" data-trk=\"{&quot;cta&quot;:{&quot;action&quot;:&quot;https:\\\/\\\/moncompte.actu.fr&quot;,&quot;category&quot;:&quot;mon compte&quot;,&quot;from&quot;:&quot;article footer&quot;,&quot;name&quot;:&quot;Mon actu&quot;,&quot;type&quot;:&quot;cta&quot;}}\" target=\"_blank\">Mon Actu<\/a>.<\/p>\n","protected":false},"excerpt":{"rendered":"Par Enzo Legros Publi\u00e9 le 7 ao\u00fbt 2025 \u00e0 12h45 L\u2019air a pu vous para\u00eetre moins agr\u00e9able depuis&hellip;\n","protected":false},"author":2,"featured_media":302605,"comment_status":"","ping_status":"","sticky":false,"template":"","format":"standard","meta":{"footnotes":""},"categories":[2816],"tags":[1111,11,1777,674,1011,27,1310,12,2680,1800,25,104,2312],"class_list":{"0":"post-302604","1":"post","2":"type-post","3":"status-publish","4":"format-standard","5":"has-post-thumbnail","7":"category-toulouse","8":"tag-actu","9":"tag-actualites","10":"tag-eu","11":"tag-europe","12":"tag-fr","13":"tag-france","14":"tag-incendie","15":"tag-news","16":"tag-occitanie","17":"tag-pollution","18":"tag-republique-francaise","19":"tag-societe","20":"tag-toulouse"},"share_on_mastodon":{"url":"https:\/\/pubeurope.com\/@fr\/114987180446746848","error":""},"_links":{"self":[{"href":"https:\/\/www.europesays.com\/fr\/wp-json\/wp\/v2\/posts\/302604","targetHints":{"allow":["GET"]}}],"collection":[{"href":"https:\/\/www.europesays.com\/fr\/wp-json\/wp\/v2\/posts"}],"about":[{"href":"https:\/\/www.europesays.com\/fr\/wp-json\/wp\/v2\/types\/post"}],"author":[{"embeddable":true,"href":"https:\/\/www.europesays.com\/fr\/wp-json\/wp\/v2\/users\/2"}],"replies":[{"embeddable":true,"href":"https:\/\/www.europesays.com\/fr\/wp-json\/wp\/v2\/comments?post=302604"}],"version-history":[{"count":0,"href":"https:\/\/www.europesays.com\/fr\/wp-json\/wp\/v2\/posts\/302604\/revisions"}],"wp:featuredmedia":[{"embeddable":true,"href":"https:\/\/www.europesays.com\/fr\/wp-json\/wp\/v2\/media\/302605"}],"wp:attachment":[{"href":"https:\/\/www.europesays.com\/fr\/wp-json\/wp\/v2\/media?parent=302604"}],"wp:term":[{"taxonomy":"category","embeddable":true,"href":"https:\/\/www.europesays.com\/fr\/wp-json\/wp\/v2\/categories?post=302604"},{"taxonomy":"post_tag","embeddable":true,"href":"https:\/\/www.europesays.com\/fr\/wp-json\/wp\/v2\/tags?post=302604"}],"curies":[{"name":"wp","href":"https:\/\/api.w.org\/{rel}","templated":true}]}}