{"id":302608,"date":"2025-08-07T11:12:27","date_gmt":"2025-08-07T11:12:27","guid":{"rendered":"https:\/\/www.europesays.com\/fr\/302608\/"},"modified":"2025-08-07T11:12:27","modified_gmt":"2025-08-07T11:12:27","slug":"roubaix-construit-la-ville-de-demain","status":"publish","type":"post","link":"https:\/\/www.europesays.com\/fr\/302608\/","title":{"rendered":"Roubaix construit la ville de demain"},"content":{"rendered":"<p class=\"introduction\">Le NPNRU Roubaix est une opportunit\u00e9 pour transformer la ville. La r\u00e9novation des quartiers, Alma, \u00c9peule, Pile et Trois-Ponts, redonnera du souffle et une attractivit\u00e9 \u00e0 l\u2019ensemble de la cit\u00e9. Apr\u00e8s avoir relog\u00e9 la majorit\u00e9 des m\u00e9nages et termin\u00e9 les \u00e9tudes, cette rentr\u00e9e 2025 marque l\u2019acc\u00e9l\u00e9ration des transformations. Pour donner \u00e0 voir les projets \u00e0 terme, deux vid\u00e9os ont \u00e9t\u00e9 cr\u00e9\u00e9es pour les quartiers de l\u2019Alma et de l\u2019\u00c9peule.<\/p>\n<p>La transformation de l\u2019Alma passe par la d\u00e9molition ou la r\u00e9novation de logements sociaux inadapt\u00e9s, remplac\u00e9s par de nouveaux logements modernes, la cr\u00e9ation de nouveaux espaces publics comme le Terrain Rouge o\u00f9 un parc sera am\u00e9nag\u00e9, la construction d\u2019une place centrale rue de l\u2019Alma d\u00e9di\u00e9e au march\u00e9, le r\u00e9am\u00e9nagement de la place de la grand-m\u00e8re en jardin fleuri. La r\u00e9novation ou la construction d\u2019\u00e9quipements publics (\u00e9cole Blaise Pascal, halte-garderie, le centre social, salles de sport) accompagnent ces \u00e9volutions.<\/p>\n<p>Des interventions majeures sont \u00e9galement pr\u00e9vues pour r\u00e9habiliter l\u2019habitat ancien d\u00e9grad\u00e9 et renforcer l\u2019attractivit\u00e9 commerciale de la rue de l\u2019Epeule, avec notamment la cr\u00e9ation d\u2019une halle couverte sur la place Vandermeiren.<\/p>\n","protected":false},"excerpt":{"rendered":"Le NPNRU Roubaix est une opportunit\u00e9 pour transformer la ville. La r\u00e9novation des quartiers, Alma, \u00c9peule, Pile et&hellip;\n","protected":false},"author":2,"featured_media":302609,"comment_status":"","ping_status":"","sticky":false,"template":"","format":"standard","meta":{"footnotes":""},"categories":[2815],"tags":[1111,11,24105,32575,1777,674,1011,27,811,1307,12,14466,25],"class_list":{"0":"post-302608","1":"post","2":"type-post","3":"status-publish","4":"format-standard","5":"has-post-thumbnail","7":"category-lille","8":"tag-actu","9":"tag-actualites","10":"tag-alma","11":"tag-epeule","12":"tag-eu","13":"tag-europe","14":"tag-fr","15":"tag-france","16":"tag-hauts-de-france","17":"tag-lille","18":"tag-news","19":"tag-npnru","20":"tag-republique-francaise"},"share_on_mastodon":{"url":"https:\/\/pubeurope.com\/@fr\/114987187858262750","error":""},"_links":{"self":[{"href":"https:\/\/www.europesays.com\/fr\/wp-json\/wp\/v2\/posts\/302608","targetHints":{"allow":["GET"]}}],"collection":[{"href":"https:\/\/www.europesays.com\/fr\/wp-json\/wp\/v2\/posts"}],"about":[{"href":"https:\/\/www.europesays.com\/fr\/wp-json\/wp\/v2\/types\/post"}],"author":[{"embeddable":true,"href":"https:\/\/www.europesays.com\/fr\/wp-json\/wp\/v2\/users\/2"}],"replies":[{"embeddable":true,"href":"https:\/\/www.europesays.com\/fr\/wp-json\/wp\/v2\/comments?post=302608"}],"version-history":[{"count":0,"href":"https:\/\/www.europesays.com\/fr\/wp-json\/wp\/v2\/posts\/302608\/revisions"}],"wp:featuredmedia":[{"embeddable":true,"href":"https:\/\/www.europesays.com\/fr\/wp-json\/wp\/v2\/media\/302609"}],"wp:attachment":[{"href":"https:\/\/www.europesays.com\/fr\/wp-json\/wp\/v2\/media?parent=302608"}],"wp:term":[{"taxonomy":"category","embeddable":true,"href":"https:\/\/www.europesays.com\/fr\/wp-json\/wp\/v2\/categories?post=302608"},{"taxonomy":"post_tag","embeddable":true,"href":"https:\/\/www.europesays.com\/fr\/wp-json\/wp\/v2\/tags?post=302608"}],"curies":[{"name":"wp","href":"https:\/\/api.w.org\/{rel}","templated":true}]}}