{"id":302618,"date":"2025-08-07T11:17:13","date_gmt":"2025-08-07T11:17:13","guid":{"rendered":"https:\/\/www.europesays.com\/fr\/302618\/"},"modified":"2025-08-07T11:17:13","modified_gmt":"2025-08-07T11:17:13","slug":"lyon-frederic-guerra-reve-de-redonner-au-restaurant-largenson-son-rang-dinstitution-lyonnaise","status":"publish","type":"post","link":"https:\/\/www.europesays.com\/fr\/302618\/","title":{"rendered":"Lyon. Fr\u00e9d\u00e9ric Guerra \u00ab\u00a0r\u00eave de redonner au restaurant l\u2019Argenson son rang d\u2019institution lyonnaise\u00a0\u00bb"},"content":{"rendered":"<blockquote class=\"question\"><p>Staffeur, agent de joueurs et aujourd\u2019hui restaurateur\u00a0? <a href=\"https:\/\/www.leprogres.fr\/economie\/2025\/08\/01\/dans-le-quartier-de-gerland-l-agent-sportif-frederic-guerra-prend-les-renes-du-restaurant-argenson\" target=\"_blank\" rel=\"noopener\">Fr\u00e9d\u00e9ric Guerra, pourquoi avoir rachet\u00e9 le restaurant Argenson<\/a> \u00a0?<\/p><\/blockquote>\n<p>\u00ab\u00a0J\u2019avais d\u00e9j\u00e0 des parts dans l\u2019affaire depuis 2013. Lorsque j\u2019ai appris que l\u2019\u00e9tablissement \u00e9tait plac\u00e9 en redressement judiciaire, j\u2019ai h\u00e9sit\u00e9. Je ne voulais pas construire un bonheur sur le malheur du couple Michelon. Mais surtout, la r\u00e9alit\u00e9, c\u2019est que ce lieu \u00e0 du sens pour moi. Toutes mes grosses affaires de foot, je les ai sign\u00e9es ici. Quand je devais gronder ou f\u00e9liciter mes joueurs, c\u2019est ici que je venais le faire. Quand <a href=\"https:\/\/www.leprogres.fr\/p\/jean-michel-aulas\" target=\"_blank\" rel=\"noopener\">Jean-Michel Aulas<\/a> voulait me dire quelque chose, c\u2019\u00e9tait ici et nulle part ailleurs. J\u2019ai donc d\u00e9cid\u00e9 de d\u00e9poser une offre au tribunal de commerce. C\u2019\u00e9tait la seule et elle a \u00e9t\u00e9 accept\u00e9e.\u00a0\u00bb<\/p>\n<blockquote class=\"question\"><p>Quel \u00e9tait le montant des dettes\u00a0? Combien avez-vous rachet\u00e9 cette affaire\u00a0?<\/p><\/blockquote>\n<p>\u00ab\u00a0Je ne veux pas le dire ici.\u00a0\u00bb<\/p>\n<p class=\"question\">Dans la liste de ses difficult\u00e9s, l\u2019ancien propri\u00e9taire \u00e9voquait largement la politique \u00e9cologiste, les travaux li\u00e9s aux pistes cyclables et le&#8230;<\/p>\n","protected":false},"excerpt":{"rendered":"Staffeur, agent de joueurs et aujourd\u2019hui restaurateur\u00a0? Fr\u00e9d\u00e9ric Guerra, pourquoi avoir rachet\u00e9 le restaurant Argenson \u00a0? \u00ab\u00a0J\u2019avais d\u00e9j\u00e0&hellip;\n","protected":false},"author":2,"featured_media":302619,"comment_status":"","ping_status":"","sticky":false,"template":"","format":"standard","meta":{"footnotes":""},"categories":[1889],"tags":[1111,11,2430,4406,130,33,2757,1777,674,107,1011,27,2428,2756,6016,12,25,2429,216],"class_list":{"0":"post-302618","1":"post","2":"type-post","3":"status-publish","4":"format-standard","5":"has-post-thumbnail","7":"category-lyon","8":"tag-actu","9":"tag-actualites","10":"tag-auvergne-rhone-alpes","11":"tag-commerce-et-services","12":"tag-consommation","13":"tag-economie","14":"tag-edition-lyon-villeurbanne","15":"tag-eu","16":"tag-europe","17":"tag-fil-info","18":"tag-fr","19":"tag-france","20":"tag-lyon","21":"tag-lyon-bassin","22":"tag-magazine-cuisine-et-vins","23":"tag-news","24":"tag-republique-francaise","25":"tag-rhone","26":"tag-vie-des-entreprises"},"share_on_mastodon":{"url":"https:\/\/pubeurope.com\/@fr\/114987207404441864","error":""},"_links":{"self":[{"href":"https:\/\/www.europesays.com\/fr\/wp-json\/wp\/v2\/posts\/302618","targetHints":{"allow":["GET"]}}],"collection":[{"href":"https:\/\/www.europesays.com\/fr\/wp-json\/wp\/v2\/posts"}],"about":[{"href":"https:\/\/www.europesays.com\/fr\/wp-json\/wp\/v2\/types\/post"}],"author":[{"embeddable":true,"href":"https:\/\/www.europesays.com\/fr\/wp-json\/wp\/v2\/users\/2"}],"replies":[{"embeddable":true,"href":"https:\/\/www.europesays.com\/fr\/wp-json\/wp\/v2\/comments?post=302618"}],"version-history":[{"count":0,"href":"https:\/\/www.europesays.com\/fr\/wp-json\/wp\/v2\/posts\/302618\/revisions"}],"wp:featuredmedia":[{"embeddable":true,"href":"https:\/\/www.europesays.com\/fr\/wp-json\/wp\/v2\/media\/302619"}],"wp:attachment":[{"href":"https:\/\/www.europesays.com\/fr\/wp-json\/wp\/v2\/media?parent=302618"}],"wp:term":[{"taxonomy":"category","embeddable":true,"href":"https:\/\/www.europesays.com\/fr\/wp-json\/wp\/v2\/categories?post=302618"},{"taxonomy":"post_tag","embeddable":true,"href":"https:\/\/www.europesays.com\/fr\/wp-json\/wp\/v2\/tags?post=302618"}],"curies":[{"name":"wp","href":"https:\/\/api.w.org\/{rel}","templated":true}]}}