{"id":302622,"date":"2025-08-07T11:20:13","date_gmt":"2025-08-07T11:20:13","guid":{"rendered":"https:\/\/www.europesays.com\/fr\/302622\/"},"modified":"2025-08-07T11:20:13","modified_gmt":"2025-08-07T11:20:13","slug":"georges-brassens-efface-de-la-station-de-metro-porte-des-lilas-la-ratp-sexplique","status":"publish","type":"post","link":"https:\/\/www.europesays.com\/fr\/302622\/","title":{"rendered":"Georges Brassens effac\u00e9 de la station de m\u00e9tro Porte des Lilas, la RATP s\u2019explique"},"content":{"rendered":"<p>        <img decoding=\"async\" loading=\"lazy\" src=\"https:\/\/www.europesays.com\/fr\/wp-content\/uploads\/2025\/08\/41d3228_upload-1-plh0t9v047dc-afp-20200626-bsip-016062-002-v1-highres-parisiledefrance.jpg\"  width=\"728\" height=\"409\" alt=\"La mosa\u00efque repr\u00e9sentant Georges Brassens \u00e0 la station du m\u00e9tro parisien Porte des Lilas, sur la ligne 11, avant sa destruction. (photo non dat\u00e9e)\"\/>  <\/p>\n<p>HUMBERT \/ BSIP via AFP<\/p>\n<p>La mosa\u00efque repr\u00e9sentant Georges Brassens \u00e0 la station du m\u00e9tro parisien Porte des Lilas, sur la ligne 11, avant sa destruction. (photo non dat\u00e9e)<\/p>\n<p class=\"asset asset-text\">PARIS &#8211; Depuis des ann\u00e9es, il veillait sur les usagers du m\u00e9tro parisien dans cette station. Alors que la mosa\u00efque repr\u00e9sentant le visage du chanteur <a href=\"https:\/\/www.huffingtonpost.fr\/culture\/article\/les-manuscrits-originaux-de-georges-brassens-adjuges-5-fois-leur-estimation_170610.html\" target=\"_blank\" rel=\"noopener\" title=\"Nouvelle fen\u00eatre\">Georges Brassens<\/a> \u00e0 la station Porte des Lilas, sur la ligne 11, a \u00e9t\u00e9 d\u00e9truite par des travaux r\u00e9alis\u00e9s fin juillet, <a href=\"https:\/\/www.huffingtonpost.fr\/france\/article\/la-ratp-experimente-la-semaine-de-quatre-jours-sur-quatre-lignes-du-metro-parisien_230162.html\" target=\"_blank\" rel=\"noopener\" title=\"Nouvelle fen\u00eatre\">la RATP <\/a>a affirm\u00e9 ce jeudi 7\u00a0ao\u00fbt aupr\u00e8s du <a href=\"https:\/\/www.leparisien.fr\/seine-saint-denis-93\/pendant-les-vacances-ils-ont-tout-casse-brassens-efface-de-la-station-de-metro-porte-des-lilas-07-08-2025-NHT4UDQ22RHKTJTLNF2NUXVOHU.php\" target=\"_blank\" rel=\"noopener\" title=\"Nouvelle fen\u00eatre\">Parisien<\/a> vouloir mettre en place un nouvel hommage.<\/p>\n<p class=\"asset asset-text\">Malgr\u00e9 l\u2019opposition d\u2019associations de sauvegarde du patrimoine, des travaux de remise en \u00e9tat de la station Porte des Lilas avaient \u00e9t\u00e9 effectu\u00e9s autour du 26\u00a0juillet, d\u00e9truisant la mosa\u00efque ainsi que celles des lilas qui l\u2019accompagnaient, un triptyque r\u00e9alis\u00e9 \u00e0 la fin des ann\u00e9es 1980 par l\u2019artiste Michel L\u2019Huillier.<\/p>\n<p class=\"asset asset-text\">Cet hommage \u00e0 l\u2019interpr\u00e8te du titre Les Lilas repr\u00e9sentait sur sa mosa\u00efque centrale Georges Brassens de profil, fumant la pipe. \u00ab\u00a0Pendant les vacances, ils en ont profit\u00e9, ils ont tout cass\u00e9\u00a0\u00bb, a d\u00e9nonc\u00e9 Michel L\u2019Huillier aupr\u00e8s du Parisien (<strong>voir la photo dans le tweet ci-dessous<\/strong>).<\/p>\n<p> La lecture de ce contenu est susceptible d\u2019entra\u00eener un d\u00e9p\u00f4t de cookies de la part de l\u2019op\u00e9rateur tiers qui l\u2019h\u00e9berge. Compte-tenu des choix que vous avez exprim\u00e9s en mati\u00e8re de d\u00e9p\u00f4t de cookies, nous avons bloqu\u00e9 l\u2019affichage de ce contenu. Si vous souhaitez y acc\u00e9der, vous devez accepter la cat\u00e9gorie de cookies \u201cContenus tiers\u201d en cliquant sur le bouton ci-dessous. <\/p>\n<p> Lire la Vid\u00e9o        Un nouvel hommage envisag\u00e9    <\/p>\n<p class=\"asset asset-text\">De son c\u00f4t\u00e9, la RATP rappelle aupr\u00e8s du journal que la station Porte des Lilas pr\u00e9sentait \u00ab\u00a0un \u00e9tat d\u00e9grad\u00e9, affectant \u00e0 la fois le confort et la s\u00e9curit\u00e9 des voyageurs\u00a0\u00bb. \u00ab\u00a0La conservation des fresques s\u2019est r\u00e9v\u00e9l\u00e9e incompatible avec les exigences tenant \u00e0 la pr\u00e9servation de la p\u00e9rennit\u00e9 des ouvrages et la continuit\u00e9 de l\u2019offre de transport\u00a0\u00bb, poursuit-elle.<\/p>\n<p class=\"asset asset-text\">La r\u00e9gie de transports assure cependant vouloir y maintenir la m\u00e9moire de Georges Brassens. Elle affirme avoir propos\u00e9 \u00e0 Michel L\u2019Huilier une nouvelle collaboration, afin de r\u00e9aliser une \u0153uvre en hommage au chanteur d\u00e9c\u00e9d\u00e9 en 1981\u00a0ainsi qu\u2019\u00e0 une \u00ab\u00a0artiste f\u00e9minine\u00a0\u00bb.<\/p>\n<p class=\"asset asset-text\">L\u2019artiste indique quant \u00e0 lui n\u2019avoir pour l\u2019instant re\u00e7u aucune proposition de cet ordre, tout en voyant ce projet de la RATP comme une \u00ab\u00a0bonne nouvelle\u00a0\u00bb.<\/p>\n","protected":false},"excerpt":{"rendered":"HUMBERT \/ BSIP via AFP La mosa\u00efque repr\u00e9sentant Georges Brassens \u00e0 la station du m\u00e9tro parisien Porte des&hellip;\n","protected":false},"author":2,"featured_media":302623,"comment_status":"","ping_status":"","sticky":false,"template":"","format":"standard","meta":{"footnotes":""},"categories":[1888],"tags":[1111,1928,11,1927,1777,674,1011,27,4047,12057,12,1926,626,1925,625,25,2803],"class_list":{"0":"post-302622","1":"post","2":"type-post","3":"status-publish","4":"format-standard","5":"has-post-thumbnail","7":"category-paris","8":"tag-actu","9":"tag-actu-paris","10":"tag-actualites","11":"tag-actualites-paris","12":"tag-eu","13":"tag-europe","14":"tag-fr","15":"tag-france","16":"tag-metro","17":"tag-metro-parisien","18":"tag-news","19":"tag-news-paris","20":"tag-paris","21":"tag-paris-news","22":"tag-ratp","23":"tag-republique-francaise","24":"tag-transport"},"share_on_mastodon":{"url":"https:\/\/pubeurope.com\/@fr\/114987219262261570","error":""},"_links":{"self":[{"href":"https:\/\/www.europesays.com\/fr\/wp-json\/wp\/v2\/posts\/302622","targetHints":{"allow":["GET"]}}],"collection":[{"href":"https:\/\/www.europesays.com\/fr\/wp-json\/wp\/v2\/posts"}],"about":[{"href":"https:\/\/www.europesays.com\/fr\/wp-json\/wp\/v2\/types\/post"}],"author":[{"embeddable":true,"href":"https:\/\/www.europesays.com\/fr\/wp-json\/wp\/v2\/users\/2"}],"replies":[{"embeddable":true,"href":"https:\/\/www.europesays.com\/fr\/wp-json\/wp\/v2\/comments?post=302622"}],"version-history":[{"count":0,"href":"https:\/\/www.europesays.com\/fr\/wp-json\/wp\/v2\/posts\/302622\/revisions"}],"wp:featuredmedia":[{"embeddable":true,"href":"https:\/\/www.europesays.com\/fr\/wp-json\/wp\/v2\/media\/302623"}],"wp:attachment":[{"href":"https:\/\/www.europesays.com\/fr\/wp-json\/wp\/v2\/media?parent=302622"}],"wp:term":[{"taxonomy":"category","embeddable":true,"href":"https:\/\/www.europesays.com\/fr\/wp-json\/wp\/v2\/categories?post=302622"},{"taxonomy":"post_tag","embeddable":true,"href":"https:\/\/www.europesays.com\/fr\/wp-json\/wp\/v2\/tags?post=302622"}],"curies":[{"name":"wp","href":"https:\/\/api.w.org\/{rel}","templated":true}]}}