{"id":302624,"date":"2025-08-07T11:21:16","date_gmt":"2025-08-07T11:21:16","guid":{"rendered":"https:\/\/www.europesays.com\/fr\/302624\/"},"modified":"2025-08-07T11:21:16","modified_gmt":"2025-08-07T11:21:16","slug":"le-paris-saint-germain-et-nike-reeditent-le-maillot-iconique-t90-2004-2005","status":"publish","type":"post","link":"https:\/\/www.europesays.com\/fr\/302624\/","title":{"rendered":"Le Paris Saint-Germain et Nike r\u00e9\u00e9ditent le maillot iconique T90 2004-2005"},"content":{"rendered":"<p class=\"typography-paragraph mb-4 md:mb-6\">Symbole de cette g\u00e9n\u00e9ration, Pedro Miguel Pauleta, l\u2019Aigle des A\u00e7ores, pr\u00eate son aura l\u00e9gendaire \u00e0 cette r\u00e9\u00e9dition. Son nom reste \u00e0 jamais associ\u00e9 \u00e0 ce maillot, \u00e0 ses buts d\u00e9cisifs et \u00e0 cette passion unique qui ont anim\u00e9 les tribunes du Parc des Princes. Une autre l\u00e9gende inoubliable de l\u2019\u00e8re Nike Total 90 apporte son style unique et son charisme \u00e0 cette r\u00e9\u00e9dition 2025\/2026\u00a0: Ronaldinho. Plus qu\u2019une ic\u00f4ne du football, il est une figure embl\u00e9matique pour les communaut\u00e9s parisiennes. Serein, instinctif et inspirant sans effort, il incarne l\u2019esprit du Gaucho.\u00a0<\/p>\n<p class=\"typography-paragraph mb-4 md:mb-6\"><strong class=\"font-bold\">Une l\u00e9gende pour incarner le retour d\u2019une ic\u00f4ne<\/strong><\/p>\n<p class=\"typography-paragraph mb-4 md:mb-6\">Pour accompagner ce lancement, un film hommage met en sc\u00e8ne Pedro Miguel Pauleta dans un caf\u00e9 parisien, clin d\u2019\u0153il \u00e0 une \u00e9poque o\u00f9 le football parisien rimait d\u00e9j\u00e0 avec ferveur, authenticit\u00e9 et \u00e9l\u00e9gance. Une immersion dans les souvenirs, port\u00e9e par un h\u00e9ros qui continue d\u2019inspirer toute une g\u00e9n\u00e9ration. Afin de revivre jusqu\u2019au bout ces moments, une version du maillot avec le flocage d\u00e9di\u00e9 Pauleta et le c\u00e9l\u00e8bre num\u00e9ro 9 est \u00e9galement propos\u00e9.\u00a0<\/p>\n<p class=\"typography-paragraph mb-4 md:mb-6\"><strong class=\"font-bold\">Ronaldinho et SNIPES se joignent \u00e0 la c\u00e9l\u00e9bration<\/strong><\/p>\n<p class=\"typography-paragraph mb-4 md:mb-6\">SNIPES s\u2019associe au Paris Saint-Germain et \u00e0 la l\u00e9gende du football du PSG, Ronaldinho, pour c\u00e9l\u00e9brer la r\u00e9\u00e9dition. Le Gaucho revient \u00e0 Paris \u2013 non pas \u00e0 cheval, mais \u00e0 moto \u2013 alliant ainsi l\u2019h\u00e9ritage intemporel du football \u00e0 la culture urbaine d\u2019aujourd\u2019hui.\u00a0<\/p>\n<p class=\"typography-paragraph mb-4 md:mb-6\"><strong class=\"font-bold\">Une histoire qui s\u2019\u00e9crit au pr\u00e9sent<\/strong><\/p>\n<p class=\"typography-paragraph mb-4 md:mb-6\">Ce retour iconique marque aussi le pr\u00e9lude \u00e0 une nouvelle page de l\u2019histoire. Le 17 ao\u00fbt prochain, le Paris Saint-Germain et Nike d\u00e9voileront le maillot Third de la saison 2025\u20132026. Directement inspir\u00e9 de l\u2019esth\u00e9tique T90, il prolongera cette \u00e9pop\u00e9e stylistique en y insufflant une vision contemporaine. Une pi\u00e8ce cr\u00e9ative forte, destin\u00e9e \u00e0 tous les passionn\u00e9s qui veulent faire perdurer l\u2019h\u00e9ritage et l\u2019identit\u00e9 unique du Club.\u00a0<\/p>\n<p class=\"typography-paragraph mb-4 md:mb-6\">Ce lancement s\u2019inscrit dans le prolongement de la collection T90 r\u00e9cemment relanc\u00e9e par Nike, une ligne embl\u00e9matique du d\u00e9but des ann\u00e9es 2000 port\u00e9e par des ic\u00f4nes telles que Ronaldinho, et remise au go\u00fbt du jour pour une nouvelle g\u00e9n\u00e9ration de fans de football.\u00a0\u00a0<\/p>\n<p class=\"typography-paragraph mb-4 md:mb-6\"><strong class=\"font-bold\">Le maillot T90 de la saison 2004\u20132005 est d\u00e9sormais disponible en quantit\u00e9s limit\u00e9es dans les boutiques officielles du PSG et sur le site.<\/strong><\/p>\n<p class=\"typography-paragraph mb-4 md:mb-6\">Il est \u00e9galement propos\u00e9 via les circuits de distribution habituels de Nike et du PSG, notamment les Nike Stores et Nike.com<\/p>\n","protected":false},"excerpt":{"rendered":"Symbole de cette g\u00e9n\u00e9ration, Pedro Miguel Pauleta, l\u2019Aigle des A\u00e7ores, pr\u00eate son aura l\u00e9gendaire \u00e0 cette r\u00e9\u00e9dition. Son&hellip;\n","protected":false},"author":2,"featured_media":302625,"comment_status":"","ping_status":"","sticky":false,"template":"","format":"standard","meta":{"footnotes":""},"categories":[1888],"tags":[1111,1928,11,1927,1777,674,1011,27,12,1926,626,1925,25],"class_list":{"0":"post-302624","1":"post","2":"type-post","3":"status-publish","4":"format-standard","5":"has-post-thumbnail","7":"category-paris","8":"tag-actu","9":"tag-actu-paris","10":"tag-actualites","11":"tag-actualites-paris","12":"tag-eu","13":"tag-europe","14":"tag-fr","15":"tag-france","16":"tag-news","17":"tag-news-paris","18":"tag-paris","19":"tag-paris-news","20":"tag-republique-francaise"},"share_on_mastodon":{"url":"https:\/\/pubeurope.com\/@fr\/114987223287342331","error":""},"_links":{"self":[{"href":"https:\/\/www.europesays.com\/fr\/wp-json\/wp\/v2\/posts\/302624","targetHints":{"allow":["GET"]}}],"collection":[{"href":"https:\/\/www.europesays.com\/fr\/wp-json\/wp\/v2\/posts"}],"about":[{"href":"https:\/\/www.europesays.com\/fr\/wp-json\/wp\/v2\/types\/post"}],"author":[{"embeddable":true,"href":"https:\/\/www.europesays.com\/fr\/wp-json\/wp\/v2\/users\/2"}],"replies":[{"embeddable":true,"href":"https:\/\/www.europesays.com\/fr\/wp-json\/wp\/v2\/comments?post=302624"}],"version-history":[{"count":0,"href":"https:\/\/www.europesays.com\/fr\/wp-json\/wp\/v2\/posts\/302624\/revisions"}],"wp:featuredmedia":[{"embeddable":true,"href":"https:\/\/www.europesays.com\/fr\/wp-json\/wp\/v2\/media\/302625"}],"wp:attachment":[{"href":"https:\/\/www.europesays.com\/fr\/wp-json\/wp\/v2\/media?parent=302624"}],"wp:term":[{"taxonomy":"category","embeddable":true,"href":"https:\/\/www.europesays.com\/fr\/wp-json\/wp\/v2\/categories?post=302624"},{"taxonomy":"post_tag","embeddable":true,"href":"https:\/\/www.europesays.com\/fr\/wp-json\/wp\/v2\/tags?post=302624"}],"curies":[{"name":"wp","href":"https:\/\/api.w.org\/{rel}","templated":true}]}}