{"id":302626,"date":"2025-08-07T11:22:09","date_gmt":"2025-08-07T11:22:09","guid":{"rendered":"https:\/\/www.europesays.com\/fr\/302626\/"},"modified":"2025-08-07T11:22:09","modified_gmt":"2025-08-07T11:22:09","slug":"la-prefecture-de-police-vivement-moquee-apres-un-message-de-prevention-sur-la-vente-a-la-sauvette","status":"publish","type":"post","link":"https:\/\/www.europesays.com\/fr\/302626\/","title":{"rendered":"la pr\u00e9fecture de Police vivement moqu\u00e9e apr\u00e8s un message de pr\u00e9vention sur la vente \u00e0 la sauvette"},"content":{"rendered":"<p>            Par<br \/>\n        <strong><br \/>\n            <a href=\"https:\/\/actu.fr\/auteur\/julie-bossart-actu-fr\" title=\"Consulter tous les articles de Julie Bossart\" target=\"_blank\" rel=\"noopener\">Julie Bossart<\/a><br \/>\n        <\/strong><\/p>\n<p>        Publi\u00e9 le<\/p>\n<p>            7 ao\u00fbt 2025 \u00e0 12h55        <\/p>\n<p>Bad buzz\u00a0 ou vrai coup de com ? Depuis un message de pr\u00e9vention post\u00e9 sur X, mercredi 6 ao\u00fbt 2025, la <a href=\"https:\/\/actu.fr\/tag\/prefecture-de-police-de-paris\" target=\"_blank\" rel=\"noopener\">pr\u00e9fecture de Police de Paris<\/a> essuie une vol\u00e9e de bois vert. En cause, non pas l\u2019alerte en elle-m\u00eame, mais son illustration.\u00a0<\/p>\n<p>\u00ab\u00a0Qui est l\u2019agence de communication ?\u00a0\u00bb<\/p>\n<p class=\" wall-content\">\u00ab\u2009N\u2019achetez aucun objet \u00e0 des vendeurs \u00e0 la sauvette\u2009! Vous alimentez des r\u00e9seaux clandestins et ill\u00e9gaux. Pr\u00e9f\u00e9rez les revendeurs autoris\u00e9s pour des souvenirs s\u00fbrs et de qualit\u00e9\u2009\u00bb, insiste la pr\u00e9fecture dans son tweet. V\u00e9ritable <a href=\"https:\/\/actu.fr\/ile-de-france\/paris_75056\/paris-au-pied-de-la-tour-eiffel-les-vendeurs-a-la-sauvette-de-crepes-ne-sont-plus-a-la-fete_62561204.html\" target=\"_blank\" rel=\"noopener\">pi\u00e8ge \u00e0 touristes<\/a>, consid\u00e9r\u00e9e comme de la <a href=\"https:\/\/actu.fr\/ile-de-france\/paris_75056\/paris-une-concurrence-deloyale-a-la-tour-eiffel-les-vendeurs-a-la-sauvette-exasperent-les-commercants_62353634.html\" target=\"_blank\" rel=\"noopener\">concurrence d\u00e9loyale<\/a> par de nombreux commer\u00e7ants et engendrant souvent <a href=\"https:\/\/actu.fr\/ile-de-france\/paris_75056\/reglement-de-comptes-deals-a-paris-le-quotidien-sacrifie-des-habitants-de-la-porte-de-clignancourt_62624893.html\" target=\"_blank\" rel=\"noopener\">nuisances voire violences<\/a>, la vente \u00e0 la sauvette est dans le viseur des autorit\u00e9s depuis de nombreuses ann\u00e9es. En f\u00e9vrier encore, un nouveau plan d\u2019action pour <a href=\"https:\/\/actu.fr\/ile-de-france\/paris_75056\/drogue-vente-a-la-sauvette-vols-comment-la-prefecture-de-police-de-paris-veut-chasser-les-points-chauds_62281559.html\" target=\"_blank\" rel=\"noopener\">chasser les points dits chauds<\/a> de la capitale et y restaurer la s\u00e9curit\u00e9 du quotidien \u00e9tait d\u00e9voil\u00e9.<\/p>\n<p class=\" wall-content\">Le probl\u00e8me est connu de tous. Ce qui agite les twittos, c\u2019est le montage utilis\u00e9 pour la publication, montrant un personnage au visage de type europ\u00e9en proposant une mini tour Eiffel en porte-cl\u00e9s \u00e0 un touriste.\u00a0<\/p>\n<p class=\" wall-content\">\n<p class=\" wall-content\">Alors que certains voient dans l\u2019un des deux une <a href=\"https:\/\/x.com\/FanDeMarlene\/status\/1953039804184064160\">ressemblance avec Gabriel Attal<\/a>, d\u2019autres n\u2019y vont pas de mainmorte, mettant en cause \u00ab\u2009le r\u00e9alisme\u2009\u00bb de la publication. Le march\u00e9 de la vente ambulante se r\u00e9partirait en effet \u00ab\u00a0par nationalit\u00e9\u00a0\u00bb : ceux de tour Eiffel, dans le quartier du Champ-de-Mars, par exemple, \u00e9taient originaires du Gabon ou du Maroc, selon les t\u00e9moignages recueillis par actu lors d\u2019<a href=\"https:\/\/actu.fr\/ile-de-france\/paris_75056\/reportage-a-paris-les-vendeurs-de-tour-eiffel-sous-pression-face-aux-operations-de-police_52746451.html\" target=\"_blank\" rel=\"noopener\">un reportage en 2022<\/a> dans le 7e arrondissement.<\/p>\n<p class=\" wall-content\">\u00ab\u2009Jamais vu un Blanc vendeur \u00e0 la sauvette autour de la Tour Eiffel, vous vous foutez du monde @prefpolice\u2009\u00bb<\/p>\n<p class=\" wall-content\">\n<p class=\" wall-content\">\n<p class=\" wall-content\">\u00ab\u2009Vous vous foutez vraiment de la gueule du monde Faites votre putain de boulot et arr\u00eatez les vendeurs \u00e0 la sauvette plut\u00f4t que de tenter faire croire \u00e0 la population que c\u2019est Jean-\u00c9douard qui vend des Tour Eiffel\u2009\u00bb<\/p>\n<p class=\" wall-content\">\n<p class=\" wall-content\">\u00ab\u2009Mohamed le touriste pakistanais se faisant arnaquer au pied de la tour Eiffel par Charles-Henri le vendeur \u00e0 la sauvette. Taux de r\u00e9alisme\u2009: 0\u2009%.\u2009\u00bb<\/p>\n<p class=\" wall-content\">Les commentaires de ce type sont l\u00e9gion, tout comme les m\u00e8mes pr\u00e9sentant un vendeur \u00e0 la sauvette \u00e0 la peau noire, parfois rapidement flout\u00e9. Des photos et vid\u00e9os de vendeurs \u00e0 la sauvette dans les rues de Paris circulent \u00e9galement. Un site pr\u00e9sente m\u00eame le r\u00e9sultat Google Images lorsque l\u2019on tape \u00ab\u2009vendeurs \u00e0 la sauvette Paris\u2009\u00bb.<\/p>\n<p class=\" wall-content\">\n<p class=\" wall-content\">Enfin, certains demandent \u00e0 la pr\u00e9fecture de retirer son tweet\u2009: \u00ab\u2009Cette affiche est d\u2019un grotesque qui frise l\u2019art contemporain de l\u2019\u00e9poque\u2009: dissimuler le r\u00e9el. Retirez-les, mieux.\u2009\u00bb Quand ils n\u2019ironisent pas : \u00ab\u00a0@grok, qui est l\u2019agence de communication qui conseille la pr\u00e9fecture de paris pour cette campagne ?\u00a0\u00bb<\/p>\n<p class=\" wall-content\">Le message sera-t-il retir\u00e9 \u2013 sachant qu\u2019il n\u2019est pas r\u00e9cent, puisqu\u2019il est extrait d\u2019une <a href=\"https:\/\/www.youtube.com\/watch?v=hvgSJ0TTno8\" target=\"_blank\" rel=\"noopener\">campagne de communication<\/a> lanc\u00e9e il y a dix mois ? Un signalement des comptes ayant post\u00e9 des commentaires racistes sera-t-il effectu\u00e9 ? Contact\u00e9s, les services de l\u2019\u00c9tat ne sont pas encore revenus vers nous. En attendant, le message de pr\u00e9vention circule, vu pr\u00e8s d\u20191 million de fois \u00e0 cette heure.<\/p>\n<p class=\" wall-content\">Suivez toute l\u2019actualit\u00e9 de vos villes et m\u00e9dias favoris en vous inscrivant \u00e0 <a href=\"https:\/\/moncompte.actu.fr\" title=\"D\u00e9couvez Mon Actu\" rel=\"nofollow noopener\" data-trk=\"{&quot;cta&quot;:{&quot;action&quot;:&quot;https:\\\/\\\/moncompte.actu.fr&quot;,&quot;category&quot;:&quot;mon compte&quot;,&quot;from&quot;:&quot;article footer&quot;,&quot;name&quot;:&quot;Mon actu&quot;,&quot;type&quot;:&quot;cta&quot;}}\" target=\"_blank\">Mon Actu<\/a>.<\/p>\n","protected":false},"excerpt":{"rendered":"Par Julie Bossart Publi\u00e9 le 7 ao\u00fbt 2025 \u00e0 12h55 Bad buzz\u00a0 ou vrai coup de com ?&hellip;\n","protected":false},"author":2,"featured_media":302627,"comment_status":"","ping_status":"","sticky":false,"template":"","format":"standard","meta":{"footnotes":""},"categories":[1888],"tags":[11,3514,1777,674,1011,27,1757,12,626,1931,25,938],"class_list":{"0":"post-302626","1":"post","2":"type-post","3":"status-publish","4":"format-standard","5":"has-post-thumbnail","7":"category-paris","8":"tag-actualites","9":"tag-arnaque","10":"tag-eu","11":"tag-europe","12":"tag-fr","13":"tag-france","14":"tag-insolite","15":"tag-news","16":"tag-paris","17":"tag-prefecture-de-police-de-paris","18":"tag-republique-francaise","19":"tag-reseaux-sociaux"},"share_on_mastodon":{"url":"https:\/\/pubeurope.com\/@fr\/114987227075725423","error":""},"_links":{"self":[{"href":"https:\/\/www.europesays.com\/fr\/wp-json\/wp\/v2\/posts\/302626","targetHints":{"allow":["GET"]}}],"collection":[{"href":"https:\/\/www.europesays.com\/fr\/wp-json\/wp\/v2\/posts"}],"about":[{"href":"https:\/\/www.europesays.com\/fr\/wp-json\/wp\/v2\/types\/post"}],"author":[{"embeddable":true,"href":"https:\/\/www.europesays.com\/fr\/wp-json\/wp\/v2\/users\/2"}],"replies":[{"embeddable":true,"href":"https:\/\/www.europesays.com\/fr\/wp-json\/wp\/v2\/comments?post=302626"}],"version-history":[{"count":0,"href":"https:\/\/www.europesays.com\/fr\/wp-json\/wp\/v2\/posts\/302626\/revisions"}],"wp:featuredmedia":[{"embeddable":true,"href":"https:\/\/www.europesays.com\/fr\/wp-json\/wp\/v2\/media\/302627"}],"wp:attachment":[{"href":"https:\/\/www.europesays.com\/fr\/wp-json\/wp\/v2\/media?parent=302626"}],"wp:term":[{"taxonomy":"category","embeddable":true,"href":"https:\/\/www.europesays.com\/fr\/wp-json\/wp\/v2\/categories?post=302626"},{"taxonomy":"post_tag","embeddable":true,"href":"https:\/\/www.europesays.com\/fr\/wp-json\/wp\/v2\/tags?post=302626"}],"curies":[{"name":"wp","href":"https:\/\/api.w.org\/{rel}","templated":true}]}}