{"id":302632,"date":"2025-08-07T11:25:04","date_gmt":"2025-08-07T11:25:04","guid":{"rendered":"https:\/\/www.europesays.com\/fr\/302632\/"},"modified":"2025-08-07T11:25:04","modified_gmt":"2025-08-07T11:25:04","slug":"leurope-doit-participer-aux-negociations-de-paix-exhorte-volodymyr-zelensky","status":"publish","type":"post","link":"https:\/\/www.europesays.com\/fr\/302632\/","title":{"rendered":"l\u2019Europe \u00abdoit participer\u00bb aux n\u00e9gociations de paix, exhorte Volodymyr Zelensky"},"content":{"rendered":"<p>Le pr\u00e9sident ukrainien Volodymyr Zelensky encha\u00eene les r\u00e9actions, louant les efforts de Donald Trump et rappelant le r\u00f4le que l\u2019Europe doit tenir dans les n\u00e9gociations de paix entre l\u2019Ukraine et la Russie.<\/p>\n<p class=\"fig-paragraph\">L\u2019Europe \u00abdoit participer\u00bb aux n\u00e9gociations de paix entre l\u2019Ukraine et la Russie, a affirm\u00e9 jeudi 7 ao\u00fbt le pr\u00e9sident\u00a0<a href=\"http:\/\/www.lefigaro.fr\/international\/guerre-en-ukraine-des-discussions-ont-commence-sur-une-possible-rencontre-avec-vladimir-poutine-affirme-volodymyr-zelensky-20250725\" target=\"_blank\" data-fig-type=\"NewsFlash\" rel=\"noopener\" data-gtm-custom-categorie=\"navigation\" data-gtm-custom-action=\"crossclick\" data-gtm-custom-label=\"Contextuel\" data-gtm-event=\"customEventSPE\" data-fig-domain=\"LEFIGARO\">Volodymyr Zelensky<\/a>, alors que\u00a0<a href=\"http:\/\/www.lefigaro.fr\/international\/guerre-en-ukraine-le-kremlin-annonce-qu-une-rencontre-trump-poutine-est-prevue-dans-les-prochains-jours-20250807\" target=\"_blank\" data-fig-type=\"NewsFlash\" rel=\"noopener\" data-gtm-custom-categorie=\"navigation\" data-gtm-custom-action=\"crossclick\" data-gtm-custom-label=\"Contextuel\" data-gtm-event=\"customEventSPE\" data-fig-domain=\"LEFIGARO\">Donald Trump et Vladimir Poutine doivent se rencontrer dans les \u00abprochains jours\u00bb<\/a> \u00a0selon le Kremlin.<\/p>\n<p class=\"fig-paragraph\">\u00abLa guerre se d\u00e9roule en Europe et l\u2019Ukraine fait partie int\u00e9grante de l\u2019Europe (&#8230;) L\u2019Europe doit donc participer au processus\u00bb en vue de mettre fin \u00e0 la guerre qui se poursuit depuis 2022, a d\u00e9clar\u00e9 le pr\u00e9sident ukrainien sur les r\u00e9seaux sociaux.<\/p>\n<p>                                    <a class=\"fig-a11y-skip a11y-hidden\" href=\"#fig-a11y-skip-main-inarticle\"><br \/>\n        Passer la publicit\u00e9<br \/>\n    <\/a><\/p>\n<p>\u00abLouer les efforts de m\u00e9diation\u00bb<\/p>\n<p class=\"fig-paragraph\">Dans le m\u00eame temps, le chancelier allemand\u00a0<a href=\"http:\/\/www.lefigaro.fr\/international\/guerre-en-ukraine-friedrich-merz-ouvre-un-nouveau-chapitre-du-soutien-militaire-europeen-a-kiev-20250526\" target=\"_blank\" data-fig-type=\"Article\" rel=\"noopener\" data-gtm-custom-categorie=\"navigation\" data-gtm-custom-action=\"crossclick\" data-gtm-custom-label=\"Contextuel\" data-gtm-event=\"customEventSPE\" data-fig-domain=\"LEFIGARO\">Friedrich Merz<\/a>\u00a0et le pr\u00e9sident ukrainien Volodymyr Zelensky ont \u00ablou\u00e9\u00bb lors d&rsquo;un appel t\u00e9l\u00e9phonique \u00ables efforts de m\u00e9diation\u00bb de Donald Trump, selon un communiqu\u00e9 de Berlin publi\u00e9 apr\u00e8s l&rsquo;annonce d&rsquo;une rencontre prochaine entre ce dernier et Vladimir Poutine.<\/p>\n<p class=\"fig-paragraph\">Les deux dirigeants ont soulign\u00e9 que la Russie devait \u00abmettre fin \u00e0 sa guerre d&rsquo;agression contraire au droit international\u00bb, a indiqu\u00e9 le gouvernement allemand, l&rsquo;un des plus fervents soutiens de l&rsquo;Ukraine.<\/p>\n","protected":false},"excerpt":{"rendered":"Le pr\u00e9sident ukrainien Volodymyr Zelensky encha\u00eene les r\u00e9actions, louant les efforts de Donald Trump et rappelant le r\u00f4le&hellip;\n","protected":false},"author":2,"featured_media":302633,"comment_status":"","ping_status":"","sticky":false,"template":"","format":"standard","meta":{"footnotes":""},"categories":[1590],"tags":[11,75,1777,674,4710,12,220,135,134],"class_list":{"0":"post-302632","1":"post","2":"type-post","3":"status-publish","4":"format-standard","5":"has-post-thumbnail","7":"category-ukraine","8":"tag-actualites","9":"tag-donald-trump","10":"tag-eu","11":"tag-europe","12":"tag-friedrich-merz","13":"tag-news","14":"tag-ukraine","15":"tag-vladimir-poutine","16":"tag-volodymyr-zelensky"},"share_on_mastodon":{"url":"https:\/\/pubeurope.com\/@fr\/114987238923011716","error":""},"_links":{"self":[{"href":"https:\/\/www.europesays.com\/fr\/wp-json\/wp\/v2\/posts\/302632","targetHints":{"allow":["GET"]}}],"collection":[{"href":"https:\/\/www.europesays.com\/fr\/wp-json\/wp\/v2\/posts"}],"about":[{"href":"https:\/\/www.europesays.com\/fr\/wp-json\/wp\/v2\/types\/post"}],"author":[{"embeddable":true,"href":"https:\/\/www.europesays.com\/fr\/wp-json\/wp\/v2\/users\/2"}],"replies":[{"embeddable":true,"href":"https:\/\/www.europesays.com\/fr\/wp-json\/wp\/v2\/comments?post=302632"}],"version-history":[{"count":0,"href":"https:\/\/www.europesays.com\/fr\/wp-json\/wp\/v2\/posts\/302632\/revisions"}],"wp:featuredmedia":[{"embeddable":true,"href":"https:\/\/www.europesays.com\/fr\/wp-json\/wp\/v2\/media\/302633"}],"wp:attachment":[{"href":"https:\/\/www.europesays.com\/fr\/wp-json\/wp\/v2\/media?parent=302632"}],"wp:term":[{"taxonomy":"category","embeddable":true,"href":"https:\/\/www.europesays.com\/fr\/wp-json\/wp\/v2\/categories?post=302632"},{"taxonomy":"post_tag","embeddable":true,"href":"https:\/\/www.europesays.com\/fr\/wp-json\/wp\/v2\/tags?post=302632"}],"curies":[{"name":"wp","href":"https:\/\/api.w.org\/{rel}","templated":true}]}}