{"id":302634,"date":"2025-08-07T11:26:10","date_gmt":"2025-08-07T11:26:10","guid":{"rendered":"https:\/\/www.europesays.com\/fr\/302634\/"},"modified":"2025-08-07T11:26:10","modified_gmt":"2025-08-07T11:26:10","slug":"seoul-reduit-ses-manoeuvres-militaires-avec-les-etats-unis","status":"publish","type":"post","link":"https:\/\/www.europesays.com\/fr\/302634\/","title":{"rendered":"S\u00e9oul r\u00e9duit ses man\u0153uvres militaires avec les Etats-Unis"},"content":{"rendered":"<p>        <a class=\"Link \" href=\"https:\/\/www.lopinion.fr\/economie\/taiwan-les-producteurs-dorchidees-sous-pression-apres-linstauration-des-droits-de-douane-de-trump\" data-cms-ai=\"0\" rel=\"nofollow noopener\" target=\"_blank\">Ta\u00efwan : les producteurs d\u2019orchid\u00e9es sous pression apr\u00e8s l\u2019instauration des droits de douane de Trump<\/a><\/p>\n<p>l&rsquo;Opinion (avec AFP)<\/p>\n<p>Houbi &#8211; Donald Trump ne lui a pas fait de fleur: Lee Tsang-yu, horticulteur ta\u00efwanais, a vu les surtaxes sur ses orchid\u00e9es exp\u00e9di\u00e9es vers les Etats-Unis passer \u00e0 20%, en raison de la guerre commerciale initi\u00e9e par Washington. Ce sexag\u00e9naire, qui a d\u00e9j\u00e0 travers\u00e9 plusieurs crises, ne se d\u00e9courage pas pour autant: il travaille \u00e0 d\u00e9velopper de nouveaux march\u00e9s, en Tha\u00eflande notamment, et \u00e0 \u00e9tendre ses activit\u00e9s au Vietnam, en Indon\u00e9sie et au Br\u00e9sil, tout en r\u00e9duisant la voilure pour les Etats-Unis. M\u00eame si \u00ables Etats-Unis repr\u00e9sentent un march\u00e9 tellement \u00e9norme que nous ne pouvons pas nous en retirer, et nous ne le ferons pas\u00bb, conc\u00e8de-t-il. Sa soci\u00e9t\u00e9, Charming Agriculture, exploite quatre serres de la taille d\u2019un terrain de rugby \u00e0 Houbi, un district de Tainan, dans le sud-ouest de l&rsquo;\u00eele. Avec plus de 300 cultivateurs recens\u00e9s, Ta\u00efwan figure parmi les plus grands producteurs mondiaux d\u2019orchid\u00e9es. Les exportations de ce produit ont atteint 6,1 milliards de dollars de Ta\u00efwan (plus de 175 millions d\u2019euros) en 2024, dont un tiers vers les Etats-Unis, son plus gros march\u00e9, selon les donn\u00e9es officielles. Jusqu&rsquo;\u00e0 pr\u00e9sent, la plupart des producteurs ont absorb\u00e9 le co\u00fbt des droits de douane de 10% impos\u00e9s par Trump \u00e0 presque tous ses partenaires commerciaux en avril, explique Ahby Tseng, 53 ans, secr\u00e9taire g\u00e9n\u00e9ral de l\u2019Association des producteurs d\u2019orchid\u00e9es de Ta\u00efwan. Mais \u00abpersonne ne peut supporter\u00bb la totalit\u00e9 des droits de douane de 20% impos\u00e9s par M. Trump \u00e0 Ta\u00efwan la semaine derni\u00e8re pour une entr\u00e9e en vigueur jeudi, ajoute-t-il. Le gouvernement ta\u00efwanais a pr\u00e9sent\u00e9 comme \u00abtemporaires\u00bb ces surtaxes et esp\u00e8re toujours n\u00e9gocier des conditions plus favorables pour son \u00e9conomie, tr\u00e8s d\u00e9pendante des exportations de semi-conducteurs &#8211; sur lesquels Donald Trump a annonc\u00e9 mercredi vouloir imposer 100% de droits de douane. Baisse de la demande Aucun compromis n\u2019a \u00e9t\u00e9 annonc\u00e9 pour l\u2019instant et la potion est d\u2019autant plus am\u00e8re pour les producteurs d\u2019orchid\u00e9es que les droits de douane am\u00e9ricains ne s&rsquo;\u00e9l\u00e8vent qu&rsquo;\u00e0 15% pour les produits import\u00e9s des Pays-Bas, principal concurrent de Ta\u00efwan sur ce secteur. La diff\u00e9rence de cinq points de pourcentage fait qu\u2019il est \u00abtr\u00e8s difficile de r\u00e9percuter imm\u00e9diatement le co\u00fbt sur les consommateurs, car ceux-ci peuvent choisir de ne pas acheter ou d\u2019acheter d\u2019autres types de fleurs\u00bb, affirme M. Tseng. Stocker des orchid\u00e9es dans un entrep\u00f4t n\u2019est pas non plus une option, \u00e9tant donn\u00e9 que les plantes \u00abcontinuent de pousser\u00bb. Si les droits de douane le pr\u00e9occupent, M. Lee s\u2019inqui\u00e8te encore plus de la baisse de la consommation aux Etats-Unis en raison de la situation \u00e9conomique. Selon lui, \u00abtout est devenu plus cher\u00bb en Am\u00e9rique: \u00abDepuis fin mai, nous avons d\u00e9j\u00e0 r\u00e9duit nos exp\u00e9ditions de 15%. Avant cela, les Etats-Unis repr\u00e9sentaient 45% de nos exportations.\u00bb L\u2019horticulteur veut croire que les orchid\u00e9es de Ta\u00efwan continueront de s\u00e9duire les consommateurs, avec leurs fleurs qui selon lui durent plus longtemps que celles des Pays-Bas. Et il esp\u00e8re que les barri\u00e8res douani\u00e8res am\u00e9ricaines finiront pas s\u2019abaisser: \u00abTrump ne sera pas pr\u00e9sident \u00e0 jamais\u00bb. Joy CHIANG \u00a9 Agence France-Presse<\/p>\n","protected":false},"excerpt":{"rendered":"Ta\u00efwan : les producteurs d\u2019orchid\u00e9es sous pression apr\u00e8s l\u2019instauration des droits de douane de Trump l&rsquo;Opinion (avec AFP)&hellip;\n","protected":false},"author":2,"featured_media":302635,"comment_status":"","ping_status":"","sticky":false,"template":"","format":"standard","meta":{"footnotes":""},"categories":[1589],"tags":[11,73,1866,12,1864,1865,1863,308],"class_list":{"0":"post-302634","1":"post","2":"type-post","3":"status-publish","4":"format-standard","5":"has-post-thumbnail","7":"category-etats-unis","8":"tag-actualites","9":"tag-etats-unis","10":"tag-etats-unis-damerique","11":"tag-news","12":"tag-united-states","13":"tag-united-states-of-america","14":"tag-us","15":"tag-usa"},"share_on_mastodon":{"url":"https:\/\/pubeurope.com\/@fr\/114987242808777671","error":""},"_links":{"self":[{"href":"https:\/\/www.europesays.com\/fr\/wp-json\/wp\/v2\/posts\/302634","targetHints":{"allow":["GET"]}}],"collection":[{"href":"https:\/\/www.europesays.com\/fr\/wp-json\/wp\/v2\/posts"}],"about":[{"href":"https:\/\/www.europesays.com\/fr\/wp-json\/wp\/v2\/types\/post"}],"author":[{"embeddable":true,"href":"https:\/\/www.europesays.com\/fr\/wp-json\/wp\/v2\/users\/2"}],"replies":[{"embeddable":true,"href":"https:\/\/www.europesays.com\/fr\/wp-json\/wp\/v2\/comments?post=302634"}],"version-history":[{"count":0,"href":"https:\/\/www.europesays.com\/fr\/wp-json\/wp\/v2\/posts\/302634\/revisions"}],"wp:featuredmedia":[{"embeddable":true,"href":"https:\/\/www.europesays.com\/fr\/wp-json\/wp\/v2\/media\/302635"}],"wp:attachment":[{"href":"https:\/\/www.europesays.com\/fr\/wp-json\/wp\/v2\/media?parent=302634"}],"wp:term":[{"taxonomy":"category","embeddable":true,"href":"https:\/\/www.europesays.com\/fr\/wp-json\/wp\/v2\/categories?post=302634"},{"taxonomy":"post_tag","embeddable":true,"href":"https:\/\/www.europesays.com\/fr\/wp-json\/wp\/v2\/tags?post=302634"}],"curies":[{"name":"wp","href":"https:\/\/api.w.org\/{rel}","templated":true}]}}