{"id":302636,"date":"2025-08-07T11:27:12","date_gmt":"2025-08-07T11:27:12","guid":{"rendered":"https:\/\/www.europesays.com\/fr\/302636\/"},"modified":"2025-08-07T11:27:12","modified_gmt":"2025-08-07T11:27:12","slug":"royaume-uni-la-frequentation-retrouve-des-couleurs","status":"publish","type":"post","link":"https:\/\/www.europesays.com\/fr\/302636\/","title":{"rendered":"Royaume-Uni : La fr\u00e9quentation retrouve des couleurs"},"content":{"rendered":"<p>Date de publication : 07\/08\/2025 &#8211; 12:36\t<\/p>\n<p class=\"chapeau\">\n\t\t\t\tApr\u00e8s une ann\u00e9e 2024 en demi-teinte, le march\u00e9 britannique retrouve une dynamique plus favorable au premier semestre 2025. Les premiers indicateurs t\u00e9moignent d\u2019un redressement notable, m\u00eame si le niveau d\u2019avant-crise reste pour l&rsquo;instant hors de port\u00e9e.\n\t\t\t\t<\/p>\n<p>\u00a9 cr\u00e9dit photo : Warner Bros. Discovery France<\/p>\n","protected":false},"excerpt":{"rendered":"Date de publication : 07\/08\/2025 &#8211; 12:36 Apr\u00e8s une ann\u00e9e 2024 en demi-teinte, le march\u00e9 britannique retrouve une&hellip;\n","protected":false},"author":2,"featured_media":302637,"comment_status":"","ping_status":"","sticky":false,"template":"","format":"standard","meta":{"footnotes":""},"categories":[1588],"tags":[11,1777,674,12,473,1853,1851,1850,1852],"class_list":{"0":"post-302636","1":"post","2":"type-post","3":"status-publish","4":"format-standard","5":"has-post-thumbnail","7":"category-royaume-uni","8":"tag-actualites","9":"tag-eu","10":"tag-europe","11":"tag-news","12":"tag-royaume-uni","13":"tag-royaume-uni-de-grande-bretagne-et-dirlande-du-nord","14":"tag-uk","15":"tag-united-kingdom","16":"tag-united-kingdom-of-great-britain-and-northern-ireland"},"share_on_mastodon":{"url":"https:\/\/pubeurope.com\/@fr\/114987246780249411","error":""},"_links":{"self":[{"href":"https:\/\/www.europesays.com\/fr\/wp-json\/wp\/v2\/posts\/302636","targetHints":{"allow":["GET"]}}],"collection":[{"href":"https:\/\/www.europesays.com\/fr\/wp-json\/wp\/v2\/posts"}],"about":[{"href":"https:\/\/www.europesays.com\/fr\/wp-json\/wp\/v2\/types\/post"}],"author":[{"embeddable":true,"href":"https:\/\/www.europesays.com\/fr\/wp-json\/wp\/v2\/users\/2"}],"replies":[{"embeddable":true,"href":"https:\/\/www.europesays.com\/fr\/wp-json\/wp\/v2\/comments?post=302636"}],"version-history":[{"count":0,"href":"https:\/\/www.europesays.com\/fr\/wp-json\/wp\/v2\/posts\/302636\/revisions"}],"wp:featuredmedia":[{"embeddable":true,"href":"https:\/\/www.europesays.com\/fr\/wp-json\/wp\/v2\/media\/302637"}],"wp:attachment":[{"href":"https:\/\/www.europesays.com\/fr\/wp-json\/wp\/v2\/media?parent=302636"}],"wp:term":[{"taxonomy":"category","embeddable":true,"href":"https:\/\/www.europesays.com\/fr\/wp-json\/wp\/v2\/categories?post=302636"},{"taxonomy":"post_tag","embeddable":true,"href":"https:\/\/www.europesays.com\/fr\/wp-json\/wp\/v2\/tags?post=302636"}],"curies":[{"name":"wp","href":"https:\/\/api.w.org\/{rel}","templated":true}]}}