{"id":302642,"date":"2025-08-07T11:30:14","date_gmt":"2025-08-07T11:30:14","guid":{"rendered":"https:\/\/www.europesays.com\/fr\/302642\/"},"modified":"2025-08-07T11:30:14","modified_gmt":"2025-08-07T11:30:14","slug":"etats-unis-les-droits-de-douane-de-15-sur-les-exportations-europeennes-sont-entres-en-vigueur-ce-jeudi-7-aout","status":"publish","type":"post","link":"https:\/\/www.europesays.com\/fr\/302642\/","title":{"rendered":"\u00c9tats-Unis : les droits de douane de 15 % sur les exportations europ\u00e9ennes sont entr\u00e9s en vigueur ce jeudi 7 ao\u00fbt"},"content":{"rendered":"<p>\t\u00c9tats-Unis : les droits de douane de 15 % sur les exportations europ\u00e9ennes sont entr\u00e9s en vigueur ce jeudi 7 ao\u00fbt &#8211; Touteleurope.eu<\/p>\n<p>\t\t<img decoding=\"async\" alt=\"fermer\" class=\"close-info\" src=\"https:\/\/www.touteleurope.eu\/wp-content\/themes\/toute_leurope\/assets\/images\/close-picto-blue.svg\"\/><\/p>\n<p>Touteleurope.eu est le site p\u00e9dagogique de r\u00e9f\u00e9rence sur les questions europ\u00e9ennes : <a href=\"https:\/\/www.touteleurope.eu\/qui-sommes-nous\/\" target=\"_blank\" rel=\"noopener\">Qui sommes-nous ?<\/a><\/p>\n<p><img decoding=\"async\" class=\"logo-pdf\" alt=\"Toute L'Europe \u2013 Comprendre l'Europe\" src=\"https:\/\/www.touteleurope.eu\/wp-content\/themes\/toute_leurope\/assets\/images\/logo-ttl.svg\"\/><\/p>\n","protected":false},"excerpt":{"rendered":"\u00c9tats-Unis : les droits de douane de 15 % sur les exportations europ\u00e9ennes sont entr\u00e9s en vigueur ce&hellip;\n","protected":false},"author":2,"featured_media":302643,"comment_status":"","ping_status":"","sticky":false,"template":"","format":"standard","meta":{"footnotes":""},"categories":[1586],"tags":[11,215,2196,75,2388,73,1777,674,1779,1011,27,12,25,1778,364,2544],"class_list":{"0":"post-302642","1":"post","2":"type-post","3":"status-publish","4":"format-standard","5":"has-post-thumbnail","7":"category-europe","8":"tag-actualites","9":"tag-commerce","10":"tag-commission-europeenne","11":"tag-donald-trump","12":"tag-droits-de-douane","13":"tag-etats-unis","14":"tag-eu","15":"tag-europe","16":"tag-european-union","17":"tag-fr","18":"tag-france","19":"tag-news","20":"tag-republique-francaise","21":"tag-ue","22":"tag-union-europeenne","23":"tag-ursula-von-der-leyen"},"share_on_mastodon":{"url":"https:\/\/pubeurope.com\/@fr\/114987258644616756","error":""},"_links":{"self":[{"href":"https:\/\/www.europesays.com\/fr\/wp-json\/wp\/v2\/posts\/302642","targetHints":{"allow":["GET"]}}],"collection":[{"href":"https:\/\/www.europesays.com\/fr\/wp-json\/wp\/v2\/posts"}],"about":[{"href":"https:\/\/www.europesays.com\/fr\/wp-json\/wp\/v2\/types\/post"}],"author":[{"embeddable":true,"href":"https:\/\/www.europesays.com\/fr\/wp-json\/wp\/v2\/users\/2"}],"replies":[{"embeddable":true,"href":"https:\/\/www.europesays.com\/fr\/wp-json\/wp\/v2\/comments?post=302642"}],"version-history":[{"count":0,"href":"https:\/\/www.europesays.com\/fr\/wp-json\/wp\/v2\/posts\/302642\/revisions"}],"wp:featuredmedia":[{"embeddable":true,"href":"https:\/\/www.europesays.com\/fr\/wp-json\/wp\/v2\/media\/302643"}],"wp:attachment":[{"href":"https:\/\/www.europesays.com\/fr\/wp-json\/wp\/v2\/media?parent=302642"}],"wp:term":[{"taxonomy":"category","embeddable":true,"href":"https:\/\/www.europesays.com\/fr\/wp-json\/wp\/v2\/categories?post=302642"},{"taxonomy":"post_tag","embeddable":true,"href":"https:\/\/www.europesays.com\/fr\/wp-json\/wp\/v2\/tags?post=302642"}],"curies":[{"name":"wp","href":"https:\/\/api.w.org\/{rel}","templated":true}]}}