{"id":302649,"date":"2025-08-07T11:34:15","date_gmt":"2025-08-07T11:34:15","guid":{"rendered":"https:\/\/www.europesays.com\/fr\/302649\/"},"modified":"2025-08-07T11:34:15","modified_gmt":"2025-08-07T11:34:15","slug":"grace-a-un-eagle-sur-un-par-4-sara-brentcheneff-se-hisse-en-16e-de-finale-de-lu-s-womens-amateur","status":"publish","type":"post","link":"https:\/\/www.europesays.com\/fr\/302649\/","title":{"rendered":"Gr\u00e2ce \u00e0 un eagle sur un par 4 Sara Brentcheneff se hisse en 16e de finale de l&rsquo;U.S. Women&rsquo;s Amateur"},"content":{"rendered":"<p>\t\t\t\t\t\t<img width=\"770\" height=\"556\" src=\"https:\/\/www.europesays.com\/fr\/wp-content\/uploads\/2025\/08\/sara-brentcheneff-usga-32efinale-770x556.jpg\" class=\"img-responsive wp-post-image\" alt=\"Sara Brentcheneff Darren Carroll\/USGA\" decoding=\"async\" fetchpriority=\"high\"  \/>\t\t\t\t\t<\/p>\n<p>\t\t\t\t\t\t Partager cet article <\/p>\n<p class=\"screen-reader-text juiz_sps_maybe_hidden_text\">Partager la publication \u00ab\u00a0Gr\u00e2ce \u00e0 un eagle sur un par 4 Sara Brentcheneff se hisse en 16e de finale de l\u2019U.S. Women\u2019s Amateur\u00a0\u00bb<\/p>\n<p><strong>Apr\u00e8s s\u2019\u00eatre brillamment qualifi\u00e9e pour le tableau final du 125e U.S. Women\u2019s Amateur Championship, Sara Brentcheneff a triomph\u00e9 de son adversaire mexicaine mercredi et fait partie des 32 joueuses toujours en lice pour le titre.<\/strong><\/p>\n<p>\t\t\t\t\t<a id=\"180473\" href=\"https:\/\/eu.ping.com\/fr-fr\/clubs\/irons\/idi\" target=\"_blank\" rel=\"sponsorised nofollow noopener\"><img decoding=\"async\" src=\"data:image\/svg+xml,%3Csvg%20xmlns=\" http:=\"\" class=\"img-responsive\" alt=\"\" data-lazy-src=\"https:\/\/www.europesays.com\/fr\/wp-content\/uploads\/2025\/07\/ping-e07-fers-idi-1170x275-1.jpg\"\/><\/a><\/p>\n<p>Qui arr\u00eatera <strong>Sara Brentcheneff <\/strong>dans l\u2019Oregon ?<\/p>\n<p>Au contraire des plusieurs grandes favorites, la joueuse du <strong>Golf Club de Lyon<\/strong> s\u2019est qualifi\u00e9e pour les 1\/16e de finale de l\u2019<strong>U.S. Women\u2019s Amateur<\/strong> sur le\u00a0parcours de <strong>Bandon Dunes. <\/strong>Dans un match tr\u00e8s serr\u00e9, elle\u00a0a pris le meilleur sur la Mexicaine <strong>Alexis Yanet Lamadrid\u00a0<\/strong>\u00e0 l\u2019entame du dernier tiers de parcours.<\/p>\n<p>En t\u00eate apr\u00e8s trois trous, men\u00e9e apr\u00e8s 5 et toujours derri\u00e8re apr\u00e8s 11 trous, la meilleure joueuse fran\u00e7aise amateur a su trouver les ressources pour retourner la situation en sa faveur dans la ligne droite finale.<\/p>\n<p>Elle a d\u2019abord profit\u00e9 d\u2019un bogey de son adversaire au 12 et a ensuite r\u00e9alis\u00e9 un eagle 2 au par 4 trou 14 de 255 m\u00e8tres !<\/p>\n<p>Une s\u00e9quence dont ne s\u2019est pas relev\u00e9e la rivale de la Fran\u00e7aise qui est repartie \u00e0 la faute sur le trou suivant et qui n\u2019a pas r\u00e9ussi \u00e0 r\u00e9duire l\u2019\u00e9cart ensuite.\u00a0<\/p>\n<p><a href=\"https:\/\/www.golfplanete.com\/actualites\/la-jeune-amateure-sara-brentcheneff-decroche-sa-premiere-victoire-au-portugal\/\" rel=\"nofollow noopener\" target=\"_blank\">La vainqueur d\u2019un tournoi du LETAS au Portugal en mai dernier<\/a> s\u2019est impos\u00e9 2&amp;1 sur le green du 17 et affrontera au prochain tour la Californienne <strong>Katelyn Kong.<\/strong><\/p>\n<p><a href=\"https:\/\/championships.usga.org\/uswomensamateur\/2025\/scoring.html\" target=\"_blank\" rel=\"noopener nofollow\">Les scores \u00e0 suivre ici &gt;&gt;<\/a><\/p>\n<p>\t\t\t\t\t<a id=\"181452\" href=\"https:\/\/www.fourseasonsmegevecollectionproam.com\/\" target=\"_blank\" rel=\"sponsorised nofollow noopener\"><img decoding=\"async\" src=\"data:image\/svg+xml,%3Csvg%20xmlns=\" http:=\"\" class=\"img-responsive\" alt=\"\" data-lazy-src=\"https:\/\/www.europesays.com\/fr\/wp-content\/uploads\/2025\/08\/swing-e05-proam-megeve25-1170x275-1.gif\"\/><\/a><br \/>\n<strong>Asterisk<\/strong> <strong>Talley et Rianne Malixi au tapis<\/strong><\/p>\n<p>Les 32e de finales ont \u00e9t\u00e9 fatales \u00e0 la tenante du titre, <strong>Rianne Malixi<\/strong>, battue au 18 par la joueuse d\u2019Hong Kong <strong>Arianna Lau, <\/strong>pourtant derni\u00e8re qualifi\u00e9e<strong>, <\/strong>mais aussi \u00e0 l\u2019autre grande favorite<strong>,<\/strong> l\u2019Am\u00e9ricaine finaliste l\u2019an pass\u00e9e <strong>Asterisk<\/strong> <strong>Talley,<\/strong>\u00a0largement domin\u00e9e 6&amp;4 par l\u2019Australienne <strong>Ella Scaysbrook, <\/strong>rep\u00each\u00e9e elle aussi apr\u00e8s le play-off \u00e0 15 pour 6 places de la veille.<\/p>\n<p>Autre joueuse de renom \u00e0 rester \u00e0 quai, la Canadienne de 15 ans <a href=\"https:\/\/www.golfplanete.com\/actualites\/le-prodige-miles-russell-brille-au-junior-invitational-hugo-le-goff-dans-le-top-10-charlie-woods-en-retrait-et-la-petite-fille-de-trump-loin-derriere\/\" rel=\"nofollow noopener\" target=\"_blank\">Aphrodite Deng vainqueure du Junior Invitational au mois de mars<\/a> et de l\u2019U.S. Girls\u2019 Junior il y a 3 semaines. Enfin notez que c\u2019est pass\u00e9 assez ais\u00e9ment pour la num\u00e9ro 1 mondiale <strong>Kiara Romero.<\/strong><\/p>\n<p>\t\t\t\t\t<a id=\"179399\" href=\"https:\/\/www.terre-blanche.com\/landing\/summer-deals?mtm_campaign=summer_deals_golf_planet_juil_2025&amp;mtm_medium=display&amp;mtm_source=golf_planet&amp;mtm_content=_CTA_&amp;mtm_group=trafic\" target=\"_blank\" rel=\"sponsorised nofollow noopener\"><img decoding=\"async\" src=\"data:image\/svg+xml,%3Csvg%20xmlns=\" http:=\"\" class=\"img-responsive\" alt=\"\" data-lazy-src=\"https:\/\/www.europesays.com\/fr\/wp-content\/uploads\/2025\/07\/terreblanche-e01-summer-deals-1170x275-1.gif\"\/><\/a><\/p>\n<p>\u00a9Darren Carroll\/USGA 2025 U.S. Women\u2019s Amateur<\/p>\n","protected":false},"excerpt":{"rendered":"Partager cet article Partager la publication \u00ab\u00a0Gr\u00e2ce \u00e0 un eagle sur un par 4 Sara Brentcheneff se hisse&hellip;\n","protected":false},"author":2,"featured_media":302650,"comment_status":"","ping_status":"","sticky":false,"template":"","format":"standard","meta":{"footnotes":""},"categories":[1418],"tags":[1011,27,1472,60],"class_list":{"0":"post-302649","1":"post","2":"type-post","3":"status-publish","4":"format-standard","5":"has-post-thumbnail","7":"category-golf","8":"tag-fr","9":"tag-france","10":"tag-golf","11":"tag-sports"},"share_on_mastodon":{"url":"https:\/\/pubeurope.com\/@fr\/114987274336656637","error":""},"_links":{"self":[{"href":"https:\/\/www.europesays.com\/fr\/wp-json\/wp\/v2\/posts\/302649","targetHints":{"allow":["GET"]}}],"collection":[{"href":"https:\/\/www.europesays.com\/fr\/wp-json\/wp\/v2\/posts"}],"about":[{"href":"https:\/\/www.europesays.com\/fr\/wp-json\/wp\/v2\/types\/post"}],"author":[{"embeddable":true,"href":"https:\/\/www.europesays.com\/fr\/wp-json\/wp\/v2\/users\/2"}],"replies":[{"embeddable":true,"href":"https:\/\/www.europesays.com\/fr\/wp-json\/wp\/v2\/comments?post=302649"}],"version-history":[{"count":0,"href":"https:\/\/www.europesays.com\/fr\/wp-json\/wp\/v2\/posts\/302649\/revisions"}],"wp:featuredmedia":[{"embeddable":true,"href":"https:\/\/www.europesays.com\/fr\/wp-json\/wp\/v2\/media\/302650"}],"wp:attachment":[{"href":"https:\/\/www.europesays.com\/fr\/wp-json\/wp\/v2\/media?parent=302649"}],"wp:term":[{"taxonomy":"category","embeddable":true,"href":"https:\/\/www.europesays.com\/fr\/wp-json\/wp\/v2\/categories?post=302649"},{"taxonomy":"post_tag","embeddable":true,"href":"https:\/\/www.europesays.com\/fr\/wp-json\/wp\/v2\/tags?post=302649"}],"curies":[{"name":"wp","href":"https:\/\/api.w.org\/{rel}","templated":true}]}}