{"id":302651,"date":"2025-08-07T11:35:22","date_gmt":"2025-08-07T11:35:22","guid":{"rendered":"https:\/\/www.europesays.com\/fr\/302651\/"},"modified":"2025-08-07T11:35:22","modified_gmt":"2025-08-07T11:35:22","slug":"lincroyable-ascension-daline-chamereau-et-clemence-vieira-de-lelimination-au-premier-tour-des-jo-de-paris-a-une-finale-historique-a-leuro-lequipe","status":"publish","type":"post","link":"https:\/\/www.europesays.com\/fr\/302651\/","title":{"rendered":"L&#039;incroyable ascension d&#039;Aline Chamereau et Cl\u00e9mence Vieira, de l&#039;\u00e9limination au premier tour des JO de Paris \u00e0 une finale historique \u00e0 l&#039;Euro &#8211; L&#039;\u00c9quipe"},"content":{"rendered":"<ol>\n<li><a href=\"https:\/\/news.google.com\/rss\/articles\/CBMiogJBVV95cUxOOElzN01NNGIwYnY2aTZjWGNZRzF0cFJ3SmI2WWJkZ3VxYnd6ZEZIeEwxM1N1bkstX2FrQ09WWjhpV0E5emRnaHhJZG1TdGlnS1NqQzdGY1l1bXdQYVJLTjVwOXlVOVdSVkFDTE5MYURJblQyTGx5dnk2bE1XUDk4eG52STBMRGo4My1oTjRZZlJBeUlJSVNjXzBBRmVoeFU4QzNRNGZ3VEp4VURVRTBha1dmZ2QxODdqOTBMMzFUU3dBS1pzUXNtSEpnd1ZqM0pjczlKc3hDU1hSbzNubWMzak9EZURyQ3dyYkd2YndKQklYZTVMeWRKUXIxQ3ZRei1BWlhtRmpyQUI3b3dGMjU1eDQ1a3VZMFFsTW9YM0lDWHJTZw?oc=5\" target=\"_blank\" rel=\"nofollow noopener\">L&rsquo;incroyable ascension d&rsquo;Aline Chamereau et Cl\u00e9mence Vieira, de l&rsquo;\u00e9limination au premier tour des JO de Paris \u00e0 une finale historique \u00e0 l&rsquo;Euro<\/a>&nbsp;&nbsp;L&rsquo;\u00c9quipe<\/li>\n<li><a href=\"https:\/\/news.google.com\/rss\/articles\/CBMi4AFBVV95cUxPVGZPNzR6TWQ5Um8wUHE4aDdQaVlxTHpzUFZRSWRJY21jX0NleTFGTi1WeHRQUlNFbV8tYjFyMjhZMEVScmh5SDdaYTN1YWx1UmZITVZsMEFteEFGT2NTc3BmQ3g0RVFoazhGdzFnV3pBNF9yVzlZS0YwSFRtTE5lcEpiZnRXVzRrSnJBRGYwOWxXQ0hkSW9KMXNDVVVpSEgtOGpjQ1NfTG8yUGxPcDVCRG9jOUJZR2pzOERrejVrVVFfeFFrVVFtMkNxbGJZNUdxa2ZnU2JFMlgxNHBqX0p5ZQ?oc=5\" target=\"_blank\" rel=\"nofollow noopener\">Quel programme pour Cl\u00e9mence Vieira et Aline Chamereau apr\u00e8s leur m\u00e9daille d&rsquo;argent \u00e0 l&rsquo;Euro ?<\/a>&nbsp;&nbsp;L&rsquo;\u00c9quipe<\/li>\n<li><a href=\"https:\/\/news.google.com\/rss\/articles\/CBMi4gFBVV95cUxPYmlUekVUeUFWZnpCUUhoUnF0X0VuY1Exa2pFd1NuWGpBRk4xMUQta1QzdlRRNldOdUFrV1ZfZUIwUmJfbjVxQm8zbVpJS3ZjWldaZzBDMl9USmJsNVZ5WnByNEVRdFhnU1RLVl9LRzJGYXpCcXNVZ1VMd2gyTEFXczJHeE5GVjdrU2tnYWNILUVhaFJwajFlWG1hUFhURkV4MzdfVGxoejNENm1lVjhvYWVSaV9heVBnWklQVmhvR0JNUndmeHp1Wjk0OTh6X3lrbHZaeUdUdE1seU00TVVwTi1n?oc=5\" target=\"_blank\" rel=\"nofollow noopener\">\u00ab On est tr\u00e8s contentes d\u2019apporter cette m\u00e9daille \u00e0 la France \u00bb : Cl\u00e9mence Vieira, de l&rsquo;argent et des promesses<\/a>&nbsp;&nbsp;Le Dauphin\u00e9 Lib\u00e9r\u00e9<\/li>\n<li><a href=\"https:\/\/news.google.com\/rss\/articles\/CBMiygFBVV95cUxPLV9ZbFdVNTZkV1pNRjNqQTd4dDJicFhKem1aR09OcTdyWUxrRXZlSVBNdjBHcHU4d0hQZDFUM2FodDFGM1d2aExvV3ZWQXR4eG1pRUtDYlRaODVKY3FpMXU3WUk5cUoxRTFsSGphRnJFOVhPRnZkR0lEd18zWkFMeFJpS05zOTBUT21vdUxfcjREaXFCU2RZR3V0eUV3QjVZUG1QSVIwTF90VFRZa2tKaHhXaC1UWlFwS0pxSE1zTHppbEFKa0dMQV9B?oc=5\" target=\"_blank\" rel=\"nofollow noopener\">Beach-volley. La Lyonnaise Aline Chamereau vice-championne d\u2019Europe avec sa partenaire Cl\u00e9mence Vieira<\/a>&nbsp;&nbsp;Le Progr\u00e8s<\/li>\n<li><a href=\"https:\/\/news.google.com\/rss\/articles\/CBMi2AFBVV95cUxNLU0wYVZtWFZuWWo4dy1lRFo0RTNWUzJsWXZrOXhka0dfMUFfanY2Q0dTSHladm1WOWJNamd0dVVPRHZMOEFnbXlONkoyWG81VGJSVXFZMlEtUGhtMnR2bVpZelZPc2hfYVRlejhmeElmOVZERWxHXzBRRlVHNHZpLTAtY1F2amY1QXJkbDM0enJfenJfTktKVUxoeVdLbGdhUGpoa3lBLWlTd1N0YkRoRURZSTZHb0VlOGptSnpFYTI4dEVJTThiR3VLTzBPMzNNVkRvU0o1dFM?oc=5\" target=\"_blank\" rel=\"nofollow noopener\">Beach-volley : les Fran\u00e7aises Cl\u00e9mence Vieira et Aline Chamereau en argent au championnat d\u2019Europe<\/a>&nbsp;&nbsp;Le Figaro<\/li>\n<\/ol>\n","protected":false},"excerpt":{"rendered":"L&rsquo;incroyable ascension d&rsquo;Aline Chamereau et Cl\u00e9mence Vieira, de l&rsquo;\u00e9limination au premier tour des JO de Paris \u00e0 une&hellip;\n","protected":false},"author":2,"featured_media":302652,"comment_status":"","ping_status":"","sticky":false,"template":"","format":"standard","meta":{"footnotes":""},"categories":[1417],"tags":[1011,27,60,1470,1469],"class_list":{"0":"post-302651","1":"post","2":"type-post","3":"status-publish","4":"format-standard","5":"has-post-thumbnail","7":"category-volley","8":"tag-fr","9":"tag-france","10":"tag-sports","11":"tag-volley","12":"tag-volleyball"},"share_on_mastodon":{"url":"https:\/\/pubeurope.com\/@fr\/114987278211576424","error":""},"_links":{"self":[{"href":"https:\/\/www.europesays.com\/fr\/wp-json\/wp\/v2\/posts\/302651","targetHints":{"allow":["GET"]}}],"collection":[{"href":"https:\/\/www.europesays.com\/fr\/wp-json\/wp\/v2\/posts"}],"about":[{"href":"https:\/\/www.europesays.com\/fr\/wp-json\/wp\/v2\/types\/post"}],"author":[{"embeddable":true,"href":"https:\/\/www.europesays.com\/fr\/wp-json\/wp\/v2\/users\/2"}],"replies":[{"embeddable":true,"href":"https:\/\/www.europesays.com\/fr\/wp-json\/wp\/v2\/comments?post=302651"}],"version-history":[{"count":0,"href":"https:\/\/www.europesays.com\/fr\/wp-json\/wp\/v2\/posts\/302651\/revisions"}],"wp:featuredmedia":[{"embeddable":true,"href":"https:\/\/www.europesays.com\/fr\/wp-json\/wp\/v2\/media\/302652"}],"wp:attachment":[{"href":"https:\/\/www.europesays.com\/fr\/wp-json\/wp\/v2\/media?parent=302651"}],"wp:term":[{"taxonomy":"category","embeddable":true,"href":"https:\/\/www.europesays.com\/fr\/wp-json\/wp\/v2\/categories?post=302651"},{"taxonomy":"post_tag","embeddable":true,"href":"https:\/\/www.europesays.com\/fr\/wp-json\/wp\/v2\/tags?post=302651"}],"curies":[{"name":"wp","href":"https:\/\/api.w.org\/{rel}","templated":true}]}}