{"id":302653,"date":"2025-08-07T11:36:12","date_gmt":"2025-08-07T11:36:12","guid":{"rendered":"https:\/\/www.europesays.com\/fr\/302653\/"},"modified":"2025-08-07T11:36:12","modified_gmt":"2025-08-07T11:36:12","slug":"le-staff-soppose-a-galthie-sur-le-profil-dun-neo-international","status":"publish","type":"post","link":"https:\/\/www.europesays.com\/fr\/302653\/","title":{"rendered":"le staff s\u2019oppose \u00e0 Galthi\u00e9 sur le profil d\u2019un n\u00e9o-international !"},"content":{"rendered":"<p>Il est \u00e0 la fois l\u2019une des grandes surprises et l\u2019un des grands gagnants de la tourn\u00e9e du XV de France en Nouvelle-Z\u00e9lande. Pr\u00eat\u00e9 lors des deux derni\u00e8res saisons \u00e0 Provence Rugby, Paul Mallez n\u2019a cess\u00e9 de progresser dans l\u2019antichambre du Top 14. Avant de revenir jouer au Stade Toulousain la saison prochaine, le pilier a \u00e9t\u00e9 convoqu\u00e9 par Fabien Galthi\u00e9 et a disput\u00e9 ses quatre premiers matchs avec le XV de France.<\/p>\n<p>Un pilier droit dans l\u2019esprit du staff toulousain<\/p>\n<p>Utilis\u00e9 \u00e0 gauche de la m\u00eal\u00e9e, il a chaque fois \u00e9t\u00e9 l\u2019auteur de bonnes rentr\u00e9es et s\u2019est impos\u00e9 comme une solution plus que cr\u00e9dible \u00e0 ce poste. En conf\u00e9rence de presse, le s\u00e9lectionneur des Bleus avait assur\u00e9 que son avenir international se situait \u00e0 ce poste. Pour autant, le principal int\u00e9ress\u00e9 a plut\u00f4t l\u2019habitude d\u2019\u00e9voluer \u00e0 droite, son poste favori.<\/p>\n<p>C\u2019est d\u2019ailleurs dans cette position que le staff du Stade Toulousain compte l\u2019utiliser, comme le pr\u00e9cise son entra\u00eeneur Virgile Lacombe dans les colonnes de <a href=\"https:\/\/www.rugbyrama.fr\/2025\/07\/25\/xv-de-france-paul-mallez-les-faits-de-surprise-de-la-pro-d2-aux-blacks-lincroyable-percee-du-pilier-toulousain-12841169.php\" rel=\"nofollow noopener\" target=\"_blank\">Midi Olympique.<\/a><\/p>\n<blockquote>\n<p>\u00ab Ce sera \u00e0 lui de d\u00e9cider de la suite mais dans notre effectif, on le compte en tant que pilier droit avec une polyvalence \u00e0 gauche. Il travaillera principalement \u00e0 droite en continuant de s\u2019entra\u00eener \u00e0 gauche. On a eu tellement de blessures sur ces postes depuis deux ans. On sait que \u00e7a peut rendre service \u00bb<\/p>\n<\/blockquote>\n<p>\u00ab\u00a0C\u2019est une tr\u00e8s bonne chose apr\u00e8s deux ann\u00e9es o\u00f9 on a manqu\u00e9 de piliers droits\u00a0\u00bb<\/p>\n<p>De quoi compromettre la suite de son avenir international\u00a0? Il est encore bien trop t\u00f4t pour le dire. Au Stade Toulousain, il devra \u00e9lever le curseur pour faire face \u00e0 la concurrence de Joel Merkler et Dorian Aldegheri, les deux tauliers du poste ces derni\u00e8res saisons, sans oublier la recrue George-Henri Colombe. Lacombe se veut n\u00e9anmoins enthousiaste.<\/p>\n<blockquote>\n<p>\u00ab Je pense que Paul a les capacit\u00e9s pour montrer qu\u2019il a sa place. Sa pr\u00e9sence va cr\u00e9er un peu plus d\u2019\u00e9mulation et c\u2019est une tr\u00e8s bonne chose apr\u00e8s deux ann\u00e9es o\u00f9 on a manqu\u00e9 de piliers droits disponibles \u00bb<\/p>\n<\/blockquote>\n<p>\u00a0<\/p>\n<p>Partagez cette info avec vos amis et vos proches en cliquant ici<br \/>Pour r\u00e9sumer<\/p>\n<p>Alors que Fabien Galthi\u00e9 veut faire jouer un n\u00e9o-international \u00e0 gauche de la m\u00eal\u00e9e, le Stade Toulousain compte plut\u00f4t s\u2019en servir en tant que pilier droit. Paul Mallez va revenir dans l&rsquo;effectif rouge et noir apr\u00e8s son pr\u00eat \u00e0 Provence Rugby.<\/p>\n<p> <img decoding=\"async\" width=\"76\" height=\"76\" loading=\"lazy\" src=\"https:\/\/www.europesays.com\/fr\/wp-content\/uploads\/2025\/04\/avatar-quinze.png\" alt=\"Arnaud D\u00e9chelotte\"\/><\/p>\n","protected":false},"excerpt":{"rendered":"Il est \u00e0 la fois l\u2019une des grandes surprises et l\u2019un des grands gagnants de la tourn\u00e9e du&hellip;\n","protected":false},"author":2,"featured_media":302654,"comment_status":"","ping_status":"","sticky":false,"template":"","format":"standard","meta":{"footnotes":""},"categories":[1416],"tags":[1011,27,479,1468,60],"class_list":{"0":"post-302653","1":"post","2":"type-post","3":"status-publish","4":"format-standard","5":"has-post-thumbnail","7":"category-rugby","8":"tag-fr","9":"tag-france","10":"tag-rugby","11":"tag-rugby-football","12":"tag-sports"},"share_on_mastodon":{"url":"https:\/\/pubeurope.com\/@fr\/114987282175946115","error":""},"_links":{"self":[{"href":"https:\/\/www.europesays.com\/fr\/wp-json\/wp\/v2\/posts\/302653","targetHints":{"allow":["GET"]}}],"collection":[{"href":"https:\/\/www.europesays.com\/fr\/wp-json\/wp\/v2\/posts"}],"about":[{"href":"https:\/\/www.europesays.com\/fr\/wp-json\/wp\/v2\/types\/post"}],"author":[{"embeddable":true,"href":"https:\/\/www.europesays.com\/fr\/wp-json\/wp\/v2\/users\/2"}],"replies":[{"embeddable":true,"href":"https:\/\/www.europesays.com\/fr\/wp-json\/wp\/v2\/comments?post=302653"}],"version-history":[{"count":0,"href":"https:\/\/www.europesays.com\/fr\/wp-json\/wp\/v2\/posts\/302653\/revisions"}],"wp:featuredmedia":[{"embeddable":true,"href":"https:\/\/www.europesays.com\/fr\/wp-json\/wp\/v2\/media\/302654"}],"wp:attachment":[{"href":"https:\/\/www.europesays.com\/fr\/wp-json\/wp\/v2\/media?parent=302653"}],"wp:term":[{"taxonomy":"category","embeddable":true,"href":"https:\/\/www.europesays.com\/fr\/wp-json\/wp\/v2\/categories?post=302653"},{"taxonomy":"post_tag","embeddable":true,"href":"https:\/\/www.europesays.com\/fr\/wp-json\/wp\/v2\/tags?post=302653"}],"curies":[{"name":"wp","href":"https:\/\/api.w.org\/{rel}","templated":true}]}}