{"id":302655,"date":"2025-08-07T11:37:14","date_gmt":"2025-08-07T11:37:14","guid":{"rendered":"https:\/\/www.europesays.com\/fr\/302655\/"},"modified":"2025-08-07T11:37:14","modified_gmt":"2025-08-07T11:37:14","slug":"insolite-comme-alcaraz-sabalenka-sait-passer-de-bonne-vacances-je-nai-fait-quune-seance-de-sport-et-jetais-en-bikini-avec-des-tongs","status":"publish","type":"post","link":"https:\/\/www.europesays.com\/fr\/302655\/","title":{"rendered":"Insolite > Comme Alcaraz, Sabalenka sait passer de bonne vacances : \u00ab Je n&rsquo;ai fait qu&rsquo;une s\u00e9ance de sport, et j&rsquo;\u00e9tais en bikini avec des tongs \u00bb"},"content":{"rendered":"<p>Il semble que <a href=\"https:\/\/www.welovetennis.fr\/insolite\/alcaraz-a-bien-profite-quand-je-suis-en-vacances-je-suis-en-vacances-je-ne-vais-jamais-a-la-salle-de-sport\" data-wpel-link=\"internal\" rel=\"nofollow noopener\" target=\"_blank\">comme Carlos Alcaraz<\/a>, Aryna Sabalenka soit d\u2019ac\u00adcord avec le fait que les vacances et les s\u00e9ances de sport n\u2019aillent pas ensemble.<\/p>\n<p>La N\u00b01 mondial a pris elle aussi du repos apr\u00e8s Wimbledon, et comme elle l\u2019a bien expliqu\u00e9 en conf\u00e9\u00adrence de presse \u00e0 Cincinnati, elle a bien profit\u00e9 de ce repos. Elle s\u2019est accord\u00e9e seule\u00adment une s\u00e9ance de sport, mais avec des condi\u00adtions bien particuli\u00e8res\u202f!<\/p>\n<p><strong>\u00ab\u202fJe ne suis m\u00eame pas all\u00e9e \u00e0 la salle de sport, je dois dire. J\u2019ai fait une s\u00e9ance de 30\u202fminutes de marche en pente, en bikini et en tongs, juste pour vous montrer \u00e0 quel point je suis profes\u00adsion\u00adnelle\u202f! Mais je l\u2019ai fait, au cas o\u00f9, parce que vous savez, la nour\u00adri\u00adture \u00e9tait vrai\u00adment bonne. Je voulais juste \u00eatre s\u00fbre d\u2019avoir un peu de place pour en manger plus. Mais ce n\u2019\u00e9tait pas grand\u2010chose en fait. C\u2019\u00e9tait une semaine, sept ou huit jours, mais c\u2019\u00e9taient des jour\u00adn\u00e9es incroyables, vous savez, je me sentais telle\u00adment bien et j\u2019en avais telle\u00adment besoin, et main\u00adte\u00adnant je suis fra\u00eeche et\u00a0pr\u00eate.\u202f\u00bb<\/strong><\/p>\n<p class=\"post-published-date\" style=\"color: silver; font-size: 75%; text-align: left;\">Publi\u00e9 le jeudi 7 ao\u00fbt 2025 \u00e0 11:17<\/p>\n","protected":false},"excerpt":{"rendered":"Il semble que comme Carlos Alcaraz, Aryna Sabalenka soit d\u2019ac\u00adcord avec le fait que les vacances et les&hellip;\n","protected":false},"author":2,"featured_media":302656,"comment_status":"","ping_status":"","sticky":false,"template":"","format":"standard","meta":{"footnotes":""},"categories":[1415],"tags":[1744,7615,1011,27,24988,60,1467],"class_list":{"0":"post-302655","1":"post","2":"type-post","3":"status-publish","4":"format-standard","5":"has-post-thumbnail","7":"category-tennis","8":"tag-alcaraz","9":"tag-aryna-sabalenka","10":"tag-fr","11":"tag-france","12":"tag-sabalenka","13":"tag-sports","14":"tag-tennis"},"share_on_mastodon":{"url":"https:\/\/pubeurope.com\/@fr\/114987286102293442","error":""},"_links":{"self":[{"href":"https:\/\/www.europesays.com\/fr\/wp-json\/wp\/v2\/posts\/302655","targetHints":{"allow":["GET"]}}],"collection":[{"href":"https:\/\/www.europesays.com\/fr\/wp-json\/wp\/v2\/posts"}],"about":[{"href":"https:\/\/www.europesays.com\/fr\/wp-json\/wp\/v2\/types\/post"}],"author":[{"embeddable":true,"href":"https:\/\/www.europesays.com\/fr\/wp-json\/wp\/v2\/users\/2"}],"replies":[{"embeddable":true,"href":"https:\/\/www.europesays.com\/fr\/wp-json\/wp\/v2\/comments?post=302655"}],"version-history":[{"count":0,"href":"https:\/\/www.europesays.com\/fr\/wp-json\/wp\/v2\/posts\/302655\/revisions"}],"wp:featuredmedia":[{"embeddable":true,"href":"https:\/\/www.europesays.com\/fr\/wp-json\/wp\/v2\/media\/302656"}],"wp:attachment":[{"href":"https:\/\/www.europesays.com\/fr\/wp-json\/wp\/v2\/media?parent=302655"}],"wp:term":[{"taxonomy":"category","embeddable":true,"href":"https:\/\/www.europesays.com\/fr\/wp-json\/wp\/v2\/categories?post=302655"},{"taxonomy":"post_tag","embeddable":true,"href":"https:\/\/www.europesays.com\/fr\/wp-json\/wp\/v2\/tags?post=302655"}],"curies":[{"name":"wp","href":"https:\/\/api.w.org\/{rel}","templated":true}]}}