{"id":302657,"date":"2025-08-07T11:38:30","date_gmt":"2025-08-07T11:38:30","guid":{"rendered":"https:\/\/www.europesays.com\/fr\/302657\/"},"modified":"2025-08-07T11:38:30","modified_gmt":"2025-08-07T11:38:30","slug":"jai-une-envie-tres-forte-de-gagner","status":"publish","type":"post","link":"https:\/\/www.europesays.com\/fr\/302657\/","title":{"rendered":"\u201dJ\u2019ai une envie tr\u00e8s forte de gagner\u201d"},"content":{"rendered":"<p style=\"text-align: justify;\"><strong>La F\u00e9d\u00e9ration Fran\u00e7aise de BasketBall a officialis\u00e9 la nomination de Fr\u00e9d\u00e9ric Fauthoux au poste de s\u00e9lectionneur de l\u2019\u00e9quipe de France, jusqu\u2019en 2028. Un r\u00eave qui devient r\u00e9alit\u00e9 pour le coach de Bourg-en-Bresse, qui esp\u00e8re insuffler son caract\u00e8re fort et sa culture de la gagne aux Bleus.<\/strong><\/p>\n<p style=\"text-align: justify;\"><strong>Vous \u00eates d\u00e9sormais s\u00e9lectionneur de l\u2019\u00e9quipe de France, mais vous restez \u00e9galement coach de Bourg-en-Bresse, redoutez-vous cette double casquette ?<\/strong><\/p>\n<p style=\"text-align: justify;\">Le sujet a \u00e9t\u00e9 vite \u00e9vacu\u00e9. J\u2019ai rencontr\u00e9 tr\u00e8s t\u00f4t la FFBB en vue d\u2019une \u00e9ventuelle nomination, donc j\u2019ai demand\u00e9 \u00e0 mes dirigeants de me lib\u00e9rer pour les cr\u00e9neaux n\u00e9cessaires \u00e0 cette nouvelle fonction si j\u2019\u00e9tais choisi, notamment les comp\u00e9titions estivales, ce qui m\u2019a \u00e9t\u00e9 accord\u00e9. Je ne suis pas inquiet quant \u00e0 la compatibilit\u00e9 des deux casquettes, dans la mesure o\u00f9 je travaille beaucoup en staff, et que j\u2019essaie de construire des choses assez solides pour que tout ne s\u2019effondre pas s\u2019il manque une pi\u00e8ce.<\/p>\n<p style=\"text-align: justify;\"><strong>Comment vos joueurs \u00e0 Bourg-en-Bresse, pour certains potentiellement s\u00e9lectionnables, ont-ils accueilli votre nomination ?<\/strong><\/p>\n<p style=\"text-align: justify;\">Je leur ai annonc\u00e9 hier soir \u00e0 la fin de notre match (victoire 100-80 face \u00e0 Hambourg), et \u00e7a a \u00e9t\u00e9 re\u00e7u de fa\u00e7on tr\u00e8s festive. J\u2019avais l\u2019impression qu\u2019on avait gagn\u00e9 quelque chose, alors qu\u2019on a fait que deux matchs ! (rires) \u00c7a faisait chaud au c\u0153ur de les voir tr\u00e8s contents pour moi, j\u2019ai \u00e9t\u00e9 tr\u00e8s touch\u00e9.<\/p>\n<p style=\"text-align: justify;\"><a href=\"https:\/\/bit.ly\/sportmag178\" rel=\"nofollow noopener\" target=\"_blank\"><img loading=\"lazy\" decoding=\"async\" class=\"size-full wp-image-150815 alignleft\" src=\"data:image\/svg+xml,%3Csvg%20xmlns=\" http:=\"\" alt=\"\" width=\"300\" height=\"250\" data-lazy-src=\"https:\/\/www.europesays.com\/fr\/wp-content\/uploads\/2025\/08\/PUB-MAG-300x250-3.png\"\/><\/a><\/p>\n<p style=\"text-align: justify;\"><strong>Comment allez-vous r\u00e9ussir \u00e0 vous \u00e9manciper apr\u00e8s ce qu\u2019il s\u2019est pass\u00e9 cet \u00e9t\u00e9 ? Avec le renouvellement important de joueurs, est-ce n\u00e9cessaire de changer de m\u00e9thodologie ?<\/strong><\/p>\n<p style=\"text-align: justify;\">Je vais apporter ma personnalit\u00e9. Je suis quelqu\u2019un qui aime les gens, donc on doit se dire les choses. L\u2019objectif est d\u2019amener un jeu qui va gagner un maximum de matchs. L\u2019\u00e9mancipation, ce n\u2019est pas quelque chose qui m\u2019int\u00e9resse au plus haut point, ce qui m\u2019int\u00e9resse est surtout de prendre le relais avec une nouvelle g\u00e9n\u00e9ration encadr\u00e9e par des anciens de tr\u00e8s haut niveau, pour accompagner l\u2019\u00e9quipe de France au sommet.<\/p>\n<p style=\"text-align: justify;\"><strong>Votre caract\u00e8re est r\u00e9put\u00e9 comme assez sanguin par moments. Est-ce une chose qu\u2019il va falloir canaliser, ou est-ce que ce sera une force de votre mandat ?<\/strong><\/p>\n<p style=\"text-align: justify;\">J\u2019ai \u00e9t\u00e9 basketteur professionnel. Personne ne pourrait le croire sans me conna\u00eetre, avec mon m\u00e8tre 80 qui me fait plut\u00f4t passer pour une personne lambda. Il m\u2019a fallu du caract\u00e8re pour m\u2019imposer dans cette for\u00eat de g\u00e9ants et de joueurs talentueux. Dans le haut niveau, on ne donne rien, il faut aller chercher les choses soi-m\u00eame. Encore une fois j\u2019aime les gens, mais j\u2019ai surtout une envie tr\u00e8s forte de gagner. Donc si les joueurs ne font pas ce qu\u2019il faut, je leur dis tr\u00e8s fermement, mais dans l\u2019int\u00e9r\u00eat g\u00e9n\u00e9ral. Il y a des choses qui doivent se dire et mon temp\u00e9rament ressort \u00e0 ce moment, mais j\u2019ai \u00e9galement un r\u00f4le de repr\u00e9sentation, donc vous ne me verrez jamais exploser en match, \u00e0 part peut-\u00eatre une ou deux fois ! (rires)<\/p>\n<p style=\"text-align: justify;\"><strong>A quel moment avez-vous ressenti l\u2019envie de devenir s\u00e9lectionneur de l\u2019\u00e9quipe de France ?<\/strong><\/p>\n<p style=\"text-align: justify;\">Quand je suis devenu joueur de basket professionnel, j\u2019ai toujours r\u00eav\u00e9 de jouer en \u00e9quipe de France. Pareillement, \u00e0 partir du jour o\u00f9 je suis devenu entra\u00eeneur, mon r\u00eave a \u00e9t\u00e9 de devenir s\u00e9lectionneur de l\u2019\u00e9quipe de France. Mais maintenant que ce poste est atteint, il ne faut plus r\u00eaver, il y a des responsabilit\u00e9s qui vont avec et je les ai bien en t\u00eate.<\/p>\n","protected":false},"excerpt":{"rendered":"La F\u00e9d\u00e9ration Fran\u00e7aise de BasketBall a officialis\u00e9 la nomination de Fr\u00e9d\u00e9ric Fauthoux au poste de s\u00e9lectionneur de l\u2019\u00e9quipe&hellip;\n","protected":false},"author":2,"featured_media":302658,"comment_status":"","ping_status":"","sticky":false,"template":"","format":"standard","meta":{"footnotes":""},"categories":[1414],"tags":[1465,1464,1011,27,60],"class_list":{"0":"post-302657","1":"post","2":"type-post","3":"status-publish","4":"format-standard","5":"has-post-thumbnail","7":"category-basket","8":"tag-basket","9":"tag-basketball","10":"tag-fr","11":"tag-france","12":"tag-sports"},"share_on_mastodon":{"url":"https:\/\/pubeurope.com\/@fr\/114987290101759000","error":""},"_links":{"self":[{"href":"https:\/\/www.europesays.com\/fr\/wp-json\/wp\/v2\/posts\/302657","targetHints":{"allow":["GET"]}}],"collection":[{"href":"https:\/\/www.europesays.com\/fr\/wp-json\/wp\/v2\/posts"}],"about":[{"href":"https:\/\/www.europesays.com\/fr\/wp-json\/wp\/v2\/types\/post"}],"author":[{"embeddable":true,"href":"https:\/\/www.europesays.com\/fr\/wp-json\/wp\/v2\/users\/2"}],"replies":[{"embeddable":true,"href":"https:\/\/www.europesays.com\/fr\/wp-json\/wp\/v2\/comments?post=302657"}],"version-history":[{"count":0,"href":"https:\/\/www.europesays.com\/fr\/wp-json\/wp\/v2\/posts\/302657\/revisions"}],"wp:featuredmedia":[{"embeddable":true,"href":"https:\/\/www.europesays.com\/fr\/wp-json\/wp\/v2\/media\/302658"}],"wp:attachment":[{"href":"https:\/\/www.europesays.com\/fr\/wp-json\/wp\/v2\/media?parent=302657"}],"wp:term":[{"taxonomy":"category","embeddable":true,"href":"https:\/\/www.europesays.com\/fr\/wp-json\/wp\/v2\/categories?post=302657"},{"taxonomy":"post_tag","embeddable":true,"href":"https:\/\/www.europesays.com\/fr\/wp-json\/wp\/v2\/tags?post=302657"}],"curies":[{"name":"wp","href":"https:\/\/api.w.org\/{rel}","templated":true}]}}