{"id":302659,"date":"2025-08-07T11:39:12","date_gmt":"2025-08-07T11:39:12","guid":{"rendered":"https:\/\/www.europesays.com\/fr\/302659\/"},"modified":"2025-08-07T11:39:12","modified_gmt":"2025-08-07T11:39:12","slug":"spy-attitude-technique-motogp-vu-chez-aprilia","status":"publish","type":"post","link":"https:\/\/www.europesays.com\/fr\/302659\/","title":{"rendered":"\u00ab\u00a0Spy Attitude\u00a0\u00bb Technique MotoGP : Vu chez Aprilia&#8230;"},"content":{"rendered":"<p><strong>Depuis<br \/>\nquelques saisons, <a href=\"https:\/\/www.paddock-gp.com\/motogp-aprilia-trouve-enfin-la-parade-a-son-talon-dachille-la-chaine\/\" target=\"_blank\" rel=\"noopener nofollow\">comme \u00e9voqu\u00e9<br \/>\npr\u00e9c\u00e9demment<\/a>,\u00a0Aprilia a souffert de probl\u00e8mes de fiabilit\u00e9<br \/>\nde cha\u00eene en <a href=\"https:\/\/www.motogp.com\/\" target=\"_blank\" rel=\"noopener nofollow\">MotoGP<\/a>, avec notamment des incidents spectaculaires<br \/>\ncomme \u00e0 Jerez l\u2019an pass\u00e9, lorsque la cha\u00eene s\u2019est d\u00e9tach\u00e9e au<br \/>\ndernier tour alors que Maverick Vi\u00f1ales \u00e9tait en lutte pour la<br \/>\nvictoire. Aleix Espargar\u00f3 avait \u00e9galement connu son lot de d\u00e9boires<br \/>\net Noale a d\u00e9cid\u00e9 de r\u00e9agir cette ann\u00e9e\u2026<\/strong><\/p>\n<p>\nFace \u00e0 ce point faible quelque peu basique, l\u2019\u00e9quipe d\u2019Aprilia a<br \/>\ndonc introduit <strong data-start=\"62\" data-end=\"81\">un<br \/>\nguide\u2011cha\u00eene<\/strong>, une pi\u00e8ce rare en MotoGP mais consid\u00e9r\u00e9e<br \/>\ncomme essentielle \u00e0 Noale.<br \/>Il faut dire que la cha\u00eene n\u2019a pas une vie facile dans la cat\u00e9gorie<br \/>\nreine des Grands Prix, avec d\u2019une part un empattement pignon de<br \/>\nsortie de bo\u00eete \/ axe de roue arri\u00e8re qui a tendance \u00e0 s\u2019allonger<br \/>\npour contrer le cabrage et qui est dor\u00e9navant compris entre 760 et<br \/>\n780 mm, et d\u2019autre part des ride height devices qui font \u00e9norm\u00e9ment<br \/>\nvarier cette distance entre les acc\u00e9l\u00e9rations de sortie de virage<br \/>\net les freinages la roue arri\u00e8re en l\u2019air\u2026<\/p>\n<p>Chez la plupart des constructeurs, on combat les cons\u00e9quences de<br \/>\nce ph\u00e9nom\u00e8ne avec des guides sur le bras oscillant poss\u00e9dant les<br \/>\npropri\u00e9t\u00e9s du t\u00e9flon, mais chez Aprilia on a \u00e9t\u00e9 amen\u00e9 \u00e0 aller plus<br \/>\nloin en introduisant un guide \u00e0 l\u2019endroit o\u00f9 la cha\u00eene doit<br \/>\ns\u2019engrener dans la couronne.<\/p>\n<p>De ce que l\u2019on peut voir dans nos documents et la formidable<br \/>\ncollection de photos Michelin (celle-la, on va la regretter en<br \/>\n2027\u2026), c\u2019est lors du retour en Europe que les premiers essais de<br \/>\nce dispositif ont eu lieu, avec un premier mod\u00e8le d\u00e9clin\u00e9 en deux<br \/>\nversions test\u00e9 par <strong>Lorenzo Savadori<\/strong>. Car soyons<br \/>\nclairs d\u00e8s le d\u00e9but, aucun pilote Trackhouse n\u2019a essay\u00e9 et ne<br \/>\ndispose \u00e0 ce jour de ce syst\u00e8me : c\u2019est exclusivement une affaire<br \/>\nde pilotes d\u2019usine.<\/p>\n<p><img loading=\"lazy\" decoding=\"async\" class=\"aligncenter size-full wp-image-1316772\" src=\"https:\/\/www.europesays.com\/fr\/wp-content\/uploads\/2025\/08\/SPY3-Aprilia-Jerez.jpg\" alt=\"\" width=\"800\" height=\"533\"  \/><\/p>\n<p>Lors des Grands Prix suivants, <strong>Marco Bezzecchi<\/strong><br \/>\nne l\u2019a pas souvent essay\u00e9, y compris au Mans o\u00f9 le trac\u00e9 tr\u00e8s<br \/>\non\/off met la cha\u00een\u00e9 \u00e0 rude \u00e9preuve.<br \/>Au Mugello (voir la photo de couverture), toutes les RS-GP \u00e9taient<br \/>\ncependant \u00e9quip\u00e9es de ces guides, puis aux Pays-Bas est apparu un<br \/>\ndeuxi\u00e8me mod\u00e8le plus petit, toujours sur la machine de<br \/>\n<strong>Lorenzo Savadori<\/strong>.<\/p>\n<p><img loading=\"lazy\" decoding=\"async\" class=\"aligncenter size-full wp-image-1316778\" src=\"https:\/\/www.europesays.com\/fr\/wp-content\/uploads\/2025\/08\/SPY3-aprilia-assen.jpg\" alt=\"\" width=\"800\" height=\"533\"  \/><\/p>\n<p>Celui-ci est, comme le premier, constitu\u00e9 d\u2019une partie en<br \/>\naluminium qui sert de support et d\u2019une partie apparemment en<br \/>\ncarbone qui limite les \u00e9ventuels d\u00e9battement de la cha\u00eene. Il<br \/>\nsemble toutefois agir un peu plus loin sur la couronne et dispose<br \/>\nd\u2019une contre-platine en aluminium.<\/p>\n<p><img loading=\"lazy\" decoding=\"async\" class=\"aligncenter size-full wp-image-1316781\" src=\"https:\/\/www.europesays.com\/fr\/wp-content\/uploads\/2025\/08\/SPY3-aprilia-assen2.jpg\" alt=\"\" width=\"800\" height=\"533\"  \/><\/p>\n<p>Lors du dernier Grand Prix, \u00e0 Brno, <strong>Jorge<br \/>\nMartin<\/strong> disposait du premier mod\u00e8le (voir ci-dessous),<br \/>\n<strong>Marco Bezzecchi<\/strong> du second.<\/p>\n<p><img loading=\"lazy\" decoding=\"async\" class=\"aligncenter size-full wp-image-1316794\" src=\"https:\/\/www.europesays.com\/fr\/wp-content\/uploads\/2025\/08\/SPY3-aprilia-brno1.jpg\" alt=\"\" width=\"800\" height=\"533\"  \/><img loading=\"lazy\" decoding=\"async\" class=\"aligncenter size-full wp-image-1316797\" src=\"https:\/\/www.europesays.com\/fr\/wp-content\/uploads\/2025\/08\/SPY3-aprilia-brno2.jpg\" alt=\"\" width=\"800\" height=\"533\"  \/><img loading=\"lazy\" decoding=\"async\" class=\"aligncenter size-full wp-image-1316800\" src=\"https:\/\/www.europesays.com\/fr\/wp-content\/uploads\/2025\/08\/SPY3-aprilia-brno3.jpg\" alt=\"\" width=\"800\" height=\"533\"  \/><img loading=\"lazy\" decoding=\"async\" class=\"aligncenter size-full wp-image-1316803\" src=\"https:\/\/www.europesays.com\/fr\/wp-content\/uploads\/2025\/08\/SPY3-aprilia-brno4.jpg\" alt=\"\" width=\"800\" height=\"533\"  \/><img loading=\"lazy\" decoding=\"async\" class=\"aligncenter size-full wp-image-1316809\" src=\"https:\/\/www.europesays.com\/fr\/wp-content\/uploads\/2025\/08\/SPY3-aprilia-brno5.jpg\" alt=\"\" width=\"800\" height=\"533\"  \/><\/p>\n<p data-start=\"1375\" data-end=\"1459\">Faute de voir un plus grand<br \/>\nd\u00e9battement de la suspension arri\u00e8re de la RS-GP ou de conna\u00eetre sa<br \/>\ng\u00e9om\u00e9trie pignon de sortie e bo\u00eete \u2013 axe de bras oscillant \u2013 axe de<br \/>\nroue arri\u00e8re, nous sommes bien incapables de dire pourquoi seule<br \/>\nl\u2019Aprilia est sujette \u00e0 ces probl\u00e8mes. Peu, importe, les hommes de<br \/>\nNoale ont r\u00e9agi, avec deux mod\u00e8les de guide, et l\u2019avenir nous dira<br \/>\nlequel sera retenu.<\/p>\n<p data-start=\"1466\" data-end=\"1815\">En somme, le guide\u2011cha\u00eene<br \/>\nAprilia en MotoGP n\u2019est ni une r\u00e9volution ni un concept \u00e0<br \/>\nsensation, mais une simple solution mat\u00e9rielle qui a \u00e9limin\u00e9 un<br \/>\nprobl\u00e8me r\u00e9current et permis \u00e0 la RS\u2011GP de gagner en fiabilit\u00e9. Et<br \/>\ndans une discipline o\u00f9 chaque d\u00e9tail compte, ce type de progr\u00e8s<br \/>\ncompte double.<\/p>\n","protected":false},"excerpt":{"rendered":"Depuis quelques saisons, comme \u00e9voqu\u00e9 pr\u00e9c\u00e9demment,\u00a0Aprilia a souffert de probl\u00e8mes de fiabilit\u00e9 de cha\u00eene en MotoGP, avec notamment&hellip;\n","protected":false},"author":2,"featured_media":302660,"comment_status":"","ping_status":"","sticky":false,"template":"","format":"standard","meta":{"footnotes":""},"categories":[1413],"tags":[1011,27,1457,1456,60],"class_list":{"0":"post-302659","1":"post","2":"type-post","3":"status-publish","4":"format-standard","5":"has-post-thumbnail","7":"category-moto","8":"tag-fr","9":"tag-france","10":"tag-moto","11":"tag-motocycle","12":"tag-sports"},"share_on_mastodon":{"url":"https:\/\/pubeurope.com\/@fr\/114987294150819261","error":""},"_links":{"self":[{"href":"https:\/\/www.europesays.com\/fr\/wp-json\/wp\/v2\/posts\/302659","targetHints":{"allow":["GET"]}}],"collection":[{"href":"https:\/\/www.europesays.com\/fr\/wp-json\/wp\/v2\/posts"}],"about":[{"href":"https:\/\/www.europesays.com\/fr\/wp-json\/wp\/v2\/types\/post"}],"author":[{"embeddable":true,"href":"https:\/\/www.europesays.com\/fr\/wp-json\/wp\/v2\/users\/2"}],"replies":[{"embeddable":true,"href":"https:\/\/www.europesays.com\/fr\/wp-json\/wp\/v2\/comments?post=302659"}],"version-history":[{"count":0,"href":"https:\/\/www.europesays.com\/fr\/wp-json\/wp\/v2\/posts\/302659\/revisions"}],"wp:featuredmedia":[{"embeddable":true,"href":"https:\/\/www.europesays.com\/fr\/wp-json\/wp\/v2\/media\/302660"}],"wp:attachment":[{"href":"https:\/\/www.europesays.com\/fr\/wp-json\/wp\/v2\/media?parent=302659"}],"wp:term":[{"taxonomy":"category","embeddable":true,"href":"https:\/\/www.europesays.com\/fr\/wp-json\/wp\/v2\/categories?post=302659"},{"taxonomy":"post_tag","embeddable":true,"href":"https:\/\/www.europesays.com\/fr\/wp-json\/wp\/v2\/tags?post=302659"}],"curies":[{"name":"wp","href":"https:\/\/api.w.org\/{rel}","templated":true}]}}