{"id":302671,"date":"2025-08-07T11:45:24","date_gmt":"2025-08-07T11:45:24","guid":{"rendered":"https:\/\/www.europesays.com\/fr\/302671\/"},"modified":"2025-08-07T11:45:24","modified_gmt":"2025-08-07T11:45:24","slug":"des-pages-de-livres-sont-collees-a-sa-clio-3-le-mystere-est-entier","status":"publish","type":"post","link":"https:\/\/www.europesays.com\/fr\/302671\/","title":{"rendered":"Des pages de livres sont coll\u00e9es \u00e0 sa Clio 3, le myst\u00e8re est entier !"},"content":{"rendered":"<p itemprop=\"description\">Une femme a vu sa Clio 3 se faire recouvrir de pages de livres et cherche d\u00e9sormais \u00e0 retrouver l&rsquo;auteur de cette initiative insolite.<\/p>\n<p>EN BREF<\/p>\n<ul class=\"bloc_resume_post_list\">\n<li>\n<p>\t\t\t\t\t\t\t\t\u00c0 Montignac-Lascaux, Patricia, propri\u00e9taire d&rsquo;une Renault Clio 3 dor\u00e9e, subit depuis deux ans des collages myst\u00e9rieux de pages de livres sur sa voiture.\n\t\t\t\t\t\t<\/li>\n<li>\n<p>\t\t\t\t\t\t\t\tLe 22 juillet 2025, Patricia d\u00e9couvre encore une fois des pages coll\u00e9es sur sa voiture, d\u00e9clenchant une enqu\u00eate personnelle pour comprendre ce ph\u00e9nom\u00e8ne.\n\t\t\t\t\t\t<\/li>\n<li>\n<p>\t\t\t\t\t\t\t\tPatricia voit ces collages comme un geste artistique et laisse un mot sur sa voiture pour inviter l&rsquo;auteur \u00e0 se manifester.\n\t\t\t\t\t\t<\/li>\n<\/ul>\n<p>\u00c0 <strong>Montignac-Lascaux<\/strong>, un ph\u00e9nom\u00e8ne \u00e9trange alimente les conversations. Depuis deux ans, la <strong>Renault Clio 3<\/strong> dor\u00e9e de Patricia, une habitante bien connue, est la cible r\u00e9currente de <strong>collages de pages de livres<\/strong>. Selon <a href=\"https:\/\/www.francebleu.fr\/infos\/insolite\/cette-habitante-de-dordogne-cherche-a-savoir-qui-colle-des-pages-de-livres-sur-sa-voiture-6940365\" target=\"_blank\" rel=\"nofollow noopener\">France Bleu<\/a>, des dizaines de feuilles sont soigneusement coll\u00e9es, gliss\u00e9es ou enroul\u00e9es dans les moindres recoins de sa voiture.<\/p>\n<p>    Un admirateur inconnu d\u00e9clenche une enqu\u00eate de voisinage <\/p>\n<p>Ce <strong>mardi 22 juillet 2025<\/strong>, Patricia s\u00a0\u00bbappr\u00eatait \u00e0 partir travailler. Comme \u00e0 son habitude, elle est descendue devant chez elle pour rejoindre sa Clio 3 stationn\u00e9e dans la rue. Mais l\u00e0, elle a d\u00e9couvert des dizaines de feuilles de papier coll\u00e9es sur les vitres, coinc\u00e9es dans les <a href=\"https:\/\/www.autoplus.fr\/pratique\/comparatifs-guides-achat\/les-pare-soleils-chaussettes-de-norauto-sont-a-moins-de-8-euros-1372469.html\" rel=\"nofollow noopener\" target=\"_blank\">porti\u00e8res<\/a>, enroul\u00e9es dans les jantes et m\u00eame ins\u00e9r\u00e9es dans le bouchon du r\u00e9servoir. Comme s&rsquo;il s&rsquo;agissait d&rsquo;une <strong>\u0153uvre \u00e9ph\u00e9m\u00e8re<\/strong> tomb\u00e9e de nulle part. Et ce n&rsquo;est pas la premi\u00e8re fois que cela arrive.<\/p>\n<p> <img loading=\"lazy\" decoding=\"async\" aria-describedby=\"caption-attachment-1392994\" itemprop=\"thumbnailUrl\" class=\"size-large wp-image-1392994 img-responsive \" src=\"https:\/\/www.europesays.com\/fr\/wp-content\/uploads\/2025\/08\/pages-livres-768x510.jpg\" alt=\"Des pages de livres\" width=\"768\" height=\"510\"\/> \u00a9  Pexels<\/p>\n<p id=\"caption-attachment-1392994\" class=\"wp-caption-text\">Les pages coll\u00e9es \u00e0 la voiture de Patricia ont sans doute une signification.<\/p>\n<p>Depuis deux ans, c&rsquo;est la <strong>quatri\u00e8me apparition<\/strong> de ce ph\u00e9nom\u00e8ne insolite. La premi\u00e8re fois, Patricia a cru \u00e0 une farce. La deuxi\u00e8me, elle a simplement ri. Celle d&rsquo;apr\u00e8s, elle a commenc\u00e9 \u00e0 r\u00e9fl\u00e9chir. D\u00e9sormais, elle a d\u00e9cid\u00e9 de mener sa propre <strong>enqu\u00eate<\/strong>. Devant sa table de <a href=\"https:\/\/www.autoplus.fr\/actualite\/insolite\/gendarmes-jeunes-chaises-jardin-fourgonnette-1382318.html\" rel=\"nofollow noopener\" target=\"_blank\">jardin<\/a>, Patricia a \u00e9tal\u00e9 les pages r\u00e9colt\u00e9es. Elle a observ\u00e9, analys\u00e9, cherch\u00e9 des indices, un motif ou une signature. Un extrait a particuli\u00e8rement attir\u00e9 son attention : \u00ab\u00a0Homme presque parfait\u00a0\u00bb. Il s&rsquo;agit peut-\u00eatre d&rsquo;un <strong>clin d&rsquo;\u0153il ironique<\/strong>, d&rsquo;une r\u00e9f\u00e9rence \u00e0 une \u0153uvre ou d&rsquo;une d\u00e9claration voil\u00e9e.<\/p>\n<p> Une Clio 3 devenue une sc\u00e8ne de th\u00e9\u00e2tre po\u00e9tique <\/p>\n<p>Artiste peintre de profession, <strong>Patricia n&rsquo;\u00e9carte aucune piste<\/strong>. Au lieu de s&rsquo;agacer, elle a choisi de prendre cet acte comme un <a href=\"https:\/\/www.autoplus.fr\/podcast\/un-logo-une-histoire\/un-logo-une-histoire-ep-32-bentley-lart-de-lautomobile-de-luxe-1391472.html\" rel=\"nofollow noopener\" target=\"_blank\">geste artistique<\/a>. Elle s&rsquo;est d&rsquo;ailleurs confi\u00e9e sur cette affaire :<\/p>\n<blockquote>\n<p>\u00ab\u00a0Je me suis dit que c&rsquo;\u00e9tait un message, qu&rsquo;on voulait me dire quelque chose. J&rsquo;ai cherch\u00e9 de quel livre venait chaque page, s&rsquo;il y avait un code [&#8230;] Si c&rsquo;est un admirateur secret, en tout cas, il s&rsquo;y prend bien\u00a0\u00bb<\/p>\n<\/blockquote>\n<p>Alors que certains auraient pu y voir un acte d&rsquo;intrusion ou un harc\u00e8lement, Patricia a plut\u00f4t vu une opportunit\u00e9 de <strong>dialogue artistique<\/strong>. Elle a ainsi d\u00e9pos\u00e9 un petit mot manuscrit sur sa Clio 3, en guise d&rsquo;<strong>invitation<\/strong> au myst\u00e9rieux auteur.<\/p>\n<p>\u00c0 une \u00e9poque satur\u00e9e de communication digitale et de messages instantan\u00e9s, ce myst\u00e9rieux collage de feuilles de livres est totalement insolite. La Clio 3 de Patricia est ainsi devenue un <strong>support inattendu<\/strong> pour l&rsquo;art, l&rsquo;amour, ou les deux. Pour le moment, l&rsquo;affaire reste <strong>non \u00e9lucid\u00e9e<\/strong>. Patricia attend et<a href=\"https:\/\/www.autoplus.fr\/pratique\/comment-debadger-sa-voiture-sans-risque-1392673.html\" rel=\"nofollow noopener\" target=\"_blank\"> sa voiture<\/a> est pr\u00eate \u00e0 recevoir d&rsquo;autres pages.<\/p>\n","protected":false},"excerpt":{"rendered":"Une femme a vu sa Clio 3 se faire recouvrir de pages de livres et cherche d\u00e9sormais \u00e0&hellip;\n","protected":false},"author":2,"featured_media":302672,"comment_status":"","ping_status":"","sticky":false,"template":"","format":"standard","meta":{"footnotes":""},"categories":[1357],"tags":[1379,10281,58,59,1011,27,1380],"class_list":{"0":"post-302671","1":"post","2":"type-post","3":"status-publish","4":"format-standard","5":"has-post-thumbnail","7":"category-livres","8":"tag-books","9":"tag-buzz-nonli","10":"tag-divertissement","11":"tag-entertainment","12":"tag-fr","13":"tag-france","14":"tag-livres"},"share_on_mastodon":{"url":"https:\/\/pubeurope.com\/@fr\/114987317869808885","error":""},"_links":{"self":[{"href":"https:\/\/www.europesays.com\/fr\/wp-json\/wp\/v2\/posts\/302671","targetHints":{"allow":["GET"]}}],"collection":[{"href":"https:\/\/www.europesays.com\/fr\/wp-json\/wp\/v2\/posts"}],"about":[{"href":"https:\/\/www.europesays.com\/fr\/wp-json\/wp\/v2\/types\/post"}],"author":[{"embeddable":true,"href":"https:\/\/www.europesays.com\/fr\/wp-json\/wp\/v2\/users\/2"}],"replies":[{"embeddable":true,"href":"https:\/\/www.europesays.com\/fr\/wp-json\/wp\/v2\/comments?post=302671"}],"version-history":[{"count":0,"href":"https:\/\/www.europesays.com\/fr\/wp-json\/wp\/v2\/posts\/302671\/revisions"}],"wp:featuredmedia":[{"embeddable":true,"href":"https:\/\/www.europesays.com\/fr\/wp-json\/wp\/v2\/media\/302672"}],"wp:attachment":[{"href":"https:\/\/www.europesays.com\/fr\/wp-json\/wp\/v2\/media?parent=302671"}],"wp:term":[{"taxonomy":"category","embeddable":true,"href":"https:\/\/www.europesays.com\/fr\/wp-json\/wp\/v2\/categories?post=302671"},{"taxonomy":"post_tag","embeddable":true,"href":"https:\/\/www.europesays.com\/fr\/wp-json\/wp\/v2\/tags?post=302671"}],"curies":[{"name":"wp","href":"https:\/\/api.w.org\/{rel}","templated":true}]}}