{"id":302673,"date":"2025-08-07T11:46:11","date_gmt":"2025-08-07T11:46:11","guid":{"rendered":"https:\/\/www.europesays.com\/fr\/302673\/"},"modified":"2025-08-07T11:46:11","modified_gmt":"2025-08-07T11:46:11","slug":"on-connait-la-date-de-sortie-et-le-casting-du-dernier-volet-de-la-trilogie","status":"publish","type":"post","link":"https:\/\/www.europesays.com\/fr\/302673\/","title":{"rendered":"On conna\u00eet la date de sortie et le casting du dernier volet de la trilogie"},"content":{"rendered":"<p>La saga <a href=\"https:\/\/www.20minutes.fr\/arts-stars\/cinema\/kaamelott\/\" class=\"color-ultramarine c-link\" target=\"_blank\" rel=\"noopener\">Kaamelott<\/a> approche de son d\u00e9nouement. Vingt-cinq ans apr\u00e8s ses d\u00e9buts sous forme de courts \u00e9pisodes humoristiques sur <a href=\"https:\/\/www.20minutes.fr\/dossier\/m6\" class=\"color-ultramarine c-link\" target=\"_blank\" rel=\"noopener\">M6<\/a>, <a href=\"https:\/\/www.20minutes.fr\/dossier\/alexandre_astier\" class=\"color-ultramarine c-link\" target=\"_blank\" rel=\"noopener\">Alexandre Astier<\/a> poursuit son \u00e9pop\u00e9e avec un second film tr\u00e8s attendu dans les cin\u00e9mas <a href=\"https:\/\/www.20minutes.fr\/dossier\/francais\" class=\"color-ultramarine c-link\" target=\"_blank\" rel=\"noopener\">fran\u00e7ais<\/a>. D\u00e8s 22\u00a0octobre 2025, les fans pourront enfin voir la premi\u00e8re partie de Kaamelott 2 dans les cin\u00e9mas.<\/p>\n<p>Les fans vont devoir patienter<\/p>\n<p>Alexandre Astier avait promis un deuxi\u00e8me acte en deux parties, mais aucune date de sortie pour le dernier \u00e9pisode de la trilogie n\u2019\u00e9tait avanc\u00e9e. Ce jeudi 7\u00a0ao\u00fbt 2025, la date de sortie de Kaamelott 2\u00a0: Partie 2 a \u00e9t\u00e9 officialis\u00e9e, r\u00e9v\u00e9lant un \u00e9cart d\u2019un an entre les deux parties. Le r\u00e9alisateur avait annonc\u00e9 que les deux derni\u00e8res parties sortiront \u00e0 \u00ab\u00a0quatre\/cinq mois\u00a0\u00bb d\u2019\u00e9cart, dans l\u2019\u00e9mission En Apart\u00e9. Mais les fans devront attendre un peu. Si la premi\u00e8re partie est pr\u00e9vue pour le 22\u00a0octobre 2025, la seconde arrivera en salles le 11\u00a0novembre 2026.<\/p>\n<p>Dans un communiqu\u00e9, Astier explique\u00a0: \u00ab\u00a0C\u2019est un volet long, constitu\u00e9 de nombreuses histoires parall\u00e8les qui m\u00e9ritent que l\u2019on s\u2019y attarde. Je n\u2019aurais pas compress\u00e9 tout \u00e7a en deux heures. Mais il s\u2019agit bien d\u2019un volet unique\u00a0: une unit\u00e9 de temps claire, les m\u00eames mondes, les m\u00eames aventures\u2026 et surtout le m\u00eame tournage.\u00a0\u00bb<\/p>\n<p>Un casting de r\u00eave<\/p>\n<p>Si on conna\u00eet enfin toutes les dates de sorties, on conna\u00eet \u00e9galement l\u2019int\u00e9gralit\u00e9 du casting de la partie 1 et de la partie 2. A la cl\u00e9, un casting massif\u00a0: Alban Lenoir, Virginie Ledoyen, <a href=\"https:\/\/www.20minutes.fr\/dossier\/franck_dubosc\" class=\"color-ultramarine c-link\" target=\"_blank\" rel=\"noopener\">Franck Dubosc<\/a>, Thomas VDB, <a href=\"https:\/\/www.20minutes.fr\/dossier\/sting\" class=\"color-ultramarine c-link\" target=\"_blank\" rel=\"noopener\">Sting<\/a>, <a href=\"https:\/\/www.20minutes.fr\/arts-stars\/television\/alain-chabat\/\" class=\"color-ultramarine c-link\" target=\"_blank\" rel=\"noopener\">Alain Chabat<\/a>, <a href=\"https:\/\/www.20minutes.fr\/arts-stars\/people\/audrey-fleurot\/\" class=\"color-ultramarine c-link\" target=\"_blank\" rel=\"noopener\">Audrey Fleurot<\/a> et Simon Astier absent du Premier Volet fera son grand retour.<\/p>\n<\/p>\n<p>Le Lyonnais est tr\u00e8s heureux d\u2019avoir r\u00e9uni autant de grands acteurs. \u00ab\u00a0J\u2019avoue que l\u2019un de mes premiers plaisirs de metteur en sc\u00e8ne est d\u2019accueillir de nouveaux com\u00e9diens dans le monde de K, devenu pour certains une sorte d\u2019institution. De jeunes actrices et acteurs, souvent un peu intimid\u00e9s \u00e0 l\u2019id\u00e9e de rejoindre les \u00a0\u00bbhistoriques\u00a0\u00bb, et qui trouvent leur place parmi nous.\u00a0\u00bb<\/p>\n","protected":false},"excerpt":{"rendered":"La saga Kaamelott approche de son d\u00e9nouement. Vingt-cinq ans apr\u00e8s ses d\u00e9buts sous forme de courts \u00e9pisodes humoristiques&hellip;\n","protected":false},"author":2,"featured_media":302674,"comment_status":"","ping_status":"","sticky":false,"template":"","format":"standard","meta":{"footnotes":""},"categories":[1356],"tags":[16223,14989,21259,650,58,59,2081,1011,27,7187,41019,252,1364],"class_list":{"0":"post-302673","1":"post","2":"type-post","3":"status-publish","4":"format-standard","5":"has-post-thumbnail","7":"category-television","8":"tag-alain-chabat","9":"tag-alexandre-astier","10":"tag-audrey-fleurot","11":"tag-cinema","12":"tag-divertissement","13":"tag-entertainment","14":"tag-film","15":"tag-fr","16":"tag-france","17":"tag-franck-dubosc","18":"tag-kaamelott","19":"tag-television","20":"tag-tv"},"share_on_mastodon":{"url":"https:\/\/pubeurope.com\/@fr\/114987321512034695","error":""},"_links":{"self":[{"href":"https:\/\/www.europesays.com\/fr\/wp-json\/wp\/v2\/posts\/302673","targetHints":{"allow":["GET"]}}],"collection":[{"href":"https:\/\/www.europesays.com\/fr\/wp-json\/wp\/v2\/posts"}],"about":[{"href":"https:\/\/www.europesays.com\/fr\/wp-json\/wp\/v2\/types\/post"}],"author":[{"embeddable":true,"href":"https:\/\/www.europesays.com\/fr\/wp-json\/wp\/v2\/users\/2"}],"replies":[{"embeddable":true,"href":"https:\/\/www.europesays.com\/fr\/wp-json\/wp\/v2\/comments?post=302673"}],"version-history":[{"count":0,"href":"https:\/\/www.europesays.com\/fr\/wp-json\/wp\/v2\/posts\/302673\/revisions"}],"wp:featuredmedia":[{"embeddable":true,"href":"https:\/\/www.europesays.com\/fr\/wp-json\/wp\/v2\/media\/302674"}],"wp:attachment":[{"href":"https:\/\/www.europesays.com\/fr\/wp-json\/wp\/v2\/media?parent=302673"}],"wp:term":[{"taxonomy":"category","embeddable":true,"href":"https:\/\/www.europesays.com\/fr\/wp-json\/wp\/v2\/categories?post=302673"},{"taxonomy":"post_tag","embeddable":true,"href":"https:\/\/www.europesays.com\/fr\/wp-json\/wp\/v2\/tags?post=302673"}],"curies":[{"name":"wp","href":"https:\/\/api.w.org\/{rel}","templated":true}]}}