{"id":302675,"date":"2025-08-07T11:47:15","date_gmt":"2025-08-07T11:47:15","guid":{"rendered":"https:\/\/www.europesays.com\/fr\/302675\/"},"modified":"2025-08-07T11:47:15","modified_gmt":"2025-08-07T11:47:15","slug":"le-nouveau-clip-de-lady-gaga-signe-par-tim-burton","status":"publish","type":"post","link":"https:\/\/www.europesays.com\/fr\/302675\/","title":{"rendered":"Le nouveau clip de Lady Gaga sign\u00e9 par\u2026 Tim Burton"},"content":{"rendered":"<p class=\"ap-StoryElement ap-StoryElement--mb ap-StoryText\">Nous vous l&rsquo;annoncions hier : <a href=\"https:\/\/www.dhnet.be\/medias\/cinema\/2025\/08\/05\/surprise-lady-gaga-a-compose-un-titre-inedit-rien-que-pour-la-serie-wednesday-JI647V3SS5GP7PQVH2NW35R7IM\/\" target=\"_self\" rel=\"noopener\">Lady Gaga a enregistr\u00e9 un morceau in\u00e9dit<\/a> uniquement pour la deuxi\u00e8me saison de <a href=\"https:\/\/www.dhnet.be\/medias\/cinema\/2025\/08\/03\/wednesday-empeche-jenna-ortega-de-dormir-et-lui-donne-des-cauchemars-ZM3XV6WBVRHWHOWDM7PHMFBMRM\/\" target=\"_self\" rel=\"noopener\">Wednesday<\/a>. S&rsquo;il ne devrait envahir les ondes et les r\u00e9seaux sociaux qu&rsquo;\u00e0 partir du 3 septembre, date du d\u00e9but de la deuxi\u00e8me partie de la s\u00e9rie r\u00e9alis\u00e9e par Tim Burton, il devrait faire le buzz sur Internet \u00e0 ce moment-l\u00e0. Selon The Hollywood Reporter, la Lady a profit\u00e9 de sa rencontre avec le cin\u00e9aste pour lui demander de signer le clip de \u00ab\u00a0Dead Dance\u00a0\u00bb. La rencontre de leurs deux univers devrait se r\u00e9v\u00e9ler explosive.<\/p>\n","protected":false},"excerpt":{"rendered":"Nous vous l&rsquo;annoncions hier : Lady Gaga a enregistr\u00e9 un morceau in\u00e9dit uniquement pour la deuxi\u00e8me saison de&hellip;\n","protected":false},"author":2,"featured_media":302676,"comment_status":"","ping_status":"","sticky":false,"template":"","format":"standard","meta":{"footnotes":""},"categories":[1355],"tags":[30542,58,59,1011,27,2531,6774,1361,873,127,521,43196,17129],"class_list":{"0":"post-302675","1":"post","2":"type-post","3":"status-publish","4":"format-standard","5":"has-post-thumbnail","7":"category-musique","8":"tag-clip","9":"tag-divertissement","10":"tag-entertainment","11":"tag-fr","12":"tag-france","13":"tag-lady-gaga","14":"tag-mercredi","15":"tag-music","16":"tag-musique","17":"tag-netflix","18":"tag-serie","19":"tag-tim-burton","20":"tag-wednesday"},"share_on_mastodon":{"url":"https:\/\/pubeurope.com\/@fr\/114987325452001905","error":""},"_links":{"self":[{"href":"https:\/\/www.europesays.com\/fr\/wp-json\/wp\/v2\/posts\/302675","targetHints":{"allow":["GET"]}}],"collection":[{"href":"https:\/\/www.europesays.com\/fr\/wp-json\/wp\/v2\/posts"}],"about":[{"href":"https:\/\/www.europesays.com\/fr\/wp-json\/wp\/v2\/types\/post"}],"author":[{"embeddable":true,"href":"https:\/\/www.europesays.com\/fr\/wp-json\/wp\/v2\/users\/2"}],"replies":[{"embeddable":true,"href":"https:\/\/www.europesays.com\/fr\/wp-json\/wp\/v2\/comments?post=302675"}],"version-history":[{"count":0,"href":"https:\/\/www.europesays.com\/fr\/wp-json\/wp\/v2\/posts\/302675\/revisions"}],"wp:featuredmedia":[{"embeddable":true,"href":"https:\/\/www.europesays.com\/fr\/wp-json\/wp\/v2\/media\/302676"}],"wp:attachment":[{"href":"https:\/\/www.europesays.com\/fr\/wp-json\/wp\/v2\/media?parent=302675"}],"wp:term":[{"taxonomy":"category","embeddable":true,"href":"https:\/\/www.europesays.com\/fr\/wp-json\/wp\/v2\/categories?post=302675"},{"taxonomy":"post_tag","embeddable":true,"href":"https:\/\/www.europesays.com\/fr\/wp-json\/wp\/v2\/tags?post=302675"}],"curies":[{"name":"wp","href":"https:\/\/api.w.org\/{rel}","templated":true}]}}