{"id":302677,"date":"2025-08-07T11:48:10","date_gmt":"2025-08-07T11:48:10","guid":{"rendered":"https:\/\/www.europesays.com\/fr\/302677\/"},"modified":"2025-08-07T11:48:10","modified_gmt":"2025-08-07T11:48:10","slug":"liam-neeson-et-joe-keery-a-laffiche-dun-the-last-of-us-completement-barre","status":"publish","type":"post","link":"https:\/\/www.europesays.com\/fr\/302677\/","title":{"rendered":"Liam Neeson et Joe Keery \u00e0 l&rsquo;affiche d&rsquo;un The Last of Us compl\u00e8tement barr\u00e9"},"content":{"rendered":"<p>\u201cQu\u2019est-ce qu\u2019il y a dans ce paquet\u00a0? Qu\u2019est-ce qu\u2019il y a dans ce paquet\u00a0?\u201d\u00a0En 2026 au cin\u00e9ma, les producteurs de Bienvenue \u00e0 Zombieland et le sc\u00e9nariste de Jurassic Park unissent leurs forces pour un film catastrophe qu\u2019il ne faudra pas manquer. Plusieurs mois avant sa sortie dans les salles am\u00e9ricaines, Cold Storage s\u2019offre une premi\u00e8re bande-annonce et confirme son statut de <a href=\"https:\/\/www.journaldugeek.com\/2025\/07\/16\/the-last-of-us-saison-3-la-date-de-sortie-se-precise-et-il-va-falloir-etre-tres-patient\/\" target=\"_blank\" rel=\"false noopener nofollow\">The Last of Us<\/a> compl\u00e8tement barr\u00e9. Directement adapt\u00e9 du roman \u00e9ponyme \u00e9crit par David Keopp, le film promet de l\u2019action, des goules sanglantes et une tonalit\u00e9 horrifique savoureuse.<\/p>\n<p>L\u2019histoire suit <strong>deux jeunes employ\u00e9s d\u2019un site de rangement s\u00e9curis\u00e9<\/strong> qui d\u00e9couvrent de vieux cartons stock\u00e9s par le gouvernement. La curiosit\u00e9 est un vilain d\u00e9faut et ils vont l\u2019apprendre \u00e0 leurs d\u00e9pens, puisque l\u2019ouverture de l\u2019unit\u00e9 de stockage va d\u00e9clencher une crise biologique d\u2019envergure. Un champignon mutant prend le contr\u00f4le de plusieurs victimes et nos h\u00e9ros sont les derniers remparts avant que le monde sombre dans le chaos. \u00c0 distance, <strong>Robert Quinn, un agent chevronn\u00e9 du gouvernement<\/strong>, va les aider \u00e0 endiguer cette \u00e9pid\u00e9mie.<\/p>\n<p> Du beau monde <\/p>\n<p>Pour porter ce projet, Studio Canal et Samuel Goldwyn Films font appel \u00e0 une l\u00e9gende du cin\u00e9ma d\u2019action\u00a0:<strong> Liam Neeson. <\/strong>Bient\u00f4t \u00e0 l\u2019affiche de <a href=\"https:\/\/www.journaldugeek.com\/critique\/critique-y-a-t-il-un-flic-pour-sauver-le-monde-comique-trop-de-repetition\/\" rel=\"nofollow noopener\" target=\"_blank\">Y a-t-il un flic pour sauver le monde\u00a0?<\/a>\u00a0l\u2019acteur britannique semble avoir d\u00e9laiss\u00e9 les partitions s\u00e9rieuses pour se confronter \u00e0 des r\u00f4les plus l\u00e9gers. Au vu des premi\u00e8res images, la star de Taken semble y prendre un certain plaisir. Il donnera la r\u00e9plique \u00e0 une star montante du grand \u00e9cran, d\u00e9j\u00e0 bien install\u00e9 sur le petit. <strong>Joe Keery, que l\u2019on a vu dans Stranger Things<\/strong> autant que dans Free Guy, campe l\u2019un des deux employ\u00e9s de cette unit\u00e9 de stockage. Il donnera la r\u00e9plique \u00e0 <strong>Georgina Campbell (Barbare)<\/strong>. Du reste, il faudra compter sur Sosie Bacon (Smile) et Lesley Manville.<\/p>\n<\/p>\n<p>    <a href=\"https:\/\/www.youtube.com\/user\/JournalduGeek?sub_confirmation=1\" target=\"_blank\" rel=\"nofollow noopener\"><br \/>\n        S&rsquo;abonner \u00e0 Journal du Geek<br \/>\n    <\/a> <\/p>\n<p>La r\u00e9alisation est assur\u00e9e par Jonny Campbell, qui a notamment \u0153uvr\u00e9 sur la minis\u00e9rie Dracula, \u00e0 la mise en sc\u00e8ne de certains \u00e9pisodes Doctor Who autant que Westworld. Pour l\u2019heure, Cold Storage n\u2019a pas de date de sortie. <strong>Studio Canal se contente d\u2019\u00e9voquer l\u2019ann\u00e9e 2026.<\/strong> lI faut dire que les 360 prochains jours vont \u00eatre particuli\u00e8rement charg\u00e9s et que les blockbusters vont devoir jouer des coudes pour s\u2019imposer dans les salles obscures. On peut esp\u00e9rer que ce film se trouve une place de choix en pleine saison estivale pour faire frissonner les spectateurs entre deux s\u00e9ances Marvel, DC ou encore Star Wars.<\/p>\n<blockquote>\n<p class=\"text-base text-neutral-700 dark:text-neutral-300\">\ud83d\udfe3 Pour ne manquer aucune news sur le Journal du Geek, abonnez-vous sur <a href=\"https:\/\/news.google.com\/publications\/CAAqBwgKMNr_hAswwYyCAw?hl=fr&amp;gl=FR&amp;ceid=FR%3Afr\" target=\"_blank\" rel=\"nofollow noopener\">Google Actualit\u00e9s<\/a> et sur <a href=\"https:\/\/whatsapp.com\/channel\/0029VaClM5y4tRry12tb7D2h\" target=\"_blank\" rel=\"nofollow noopener\">notre WhatsApp<\/a>. Et si vous nous adorez, on a <a href=\"https:\/\/www.journaldugeek.com\/newsletter\/\" target=\"_blank\" rel=\"nofollow noopener\">une newsletter tous les matins<\/a>.<\/p>\n<\/blockquote>\n","protected":false},"excerpt":{"rendered":"\u201cQu\u2019est-ce qu\u2019il y a dans ce paquet\u00a0? Qu\u2019est-ce qu\u2019il y a dans ce paquet\u00a0?\u201d\u00a0En 2026 au cin\u00e9ma, les&hellip;\n","protected":false},"author":2,"featured_media":302678,"comment_status":"","ping_status":"","sticky":false,"template":"","format":"standard","meta":{"footnotes":""},"categories":[1354],"tags":[58,59,1346,1011,27,1408,44280,1360],"class_list":{"0":"post-302677","1":"post","2":"type-post","3":"status-publish","4":"format-standard","5":"has-post-thumbnail","7":"category-films","8":"tag-divertissement","9":"tag-entertainment","10":"tag-films","11":"tag-fr","12":"tag-france","13":"tag-horreur","14":"tag-liam-neeson","15":"tag-movies"},"share_on_mastodon":{"url":"https:\/\/pubeurope.com\/@fr\/114987329413541819","error":""},"_links":{"self":[{"href":"https:\/\/www.europesays.com\/fr\/wp-json\/wp\/v2\/posts\/302677","targetHints":{"allow":["GET"]}}],"collection":[{"href":"https:\/\/www.europesays.com\/fr\/wp-json\/wp\/v2\/posts"}],"about":[{"href":"https:\/\/www.europesays.com\/fr\/wp-json\/wp\/v2\/types\/post"}],"author":[{"embeddable":true,"href":"https:\/\/www.europesays.com\/fr\/wp-json\/wp\/v2\/users\/2"}],"replies":[{"embeddable":true,"href":"https:\/\/www.europesays.com\/fr\/wp-json\/wp\/v2\/comments?post=302677"}],"version-history":[{"count":0,"href":"https:\/\/www.europesays.com\/fr\/wp-json\/wp\/v2\/posts\/302677\/revisions"}],"wp:featuredmedia":[{"embeddable":true,"href":"https:\/\/www.europesays.com\/fr\/wp-json\/wp\/v2\/media\/302678"}],"wp:attachment":[{"href":"https:\/\/www.europesays.com\/fr\/wp-json\/wp\/v2\/media?parent=302677"}],"wp:term":[{"taxonomy":"category","embeddable":true,"href":"https:\/\/www.europesays.com\/fr\/wp-json\/wp\/v2\/categories?post=302677"},{"taxonomy":"post_tag","embeddable":true,"href":"https:\/\/www.europesays.com\/fr\/wp-json\/wp\/v2\/tags?post=302677"}],"curies":[{"name":"wp","href":"https:\/\/api.w.org\/{rel}","templated":true}]}}