{"id":302679,"date":"2025-08-07T11:49:13","date_gmt":"2025-08-07T11:49:13","guid":{"rendered":"https:\/\/www.europesays.com\/fr\/302679\/"},"modified":"2025-08-07T11:49:13","modified_gmt":"2025-08-07T11:49:13","slug":"ozempic-le-luxembourg-face-aux-derives-de-la-pilule-minceur","status":"publish","type":"post","link":"https:\/\/www.europesays.com\/fr\/302679\/","title":{"rendered":"Ozempic\u00a0: le Luxembourg face aux d\u00e9rives de la pilule minceur"},"content":{"rendered":"<p>Publi\u00e97. ao\u00fbt 2025, 07:00<\/p>\n<p>Ozempic: Au Luxembourg, les d\u00e9rives du traitement minceur des stars<\/p>\n<p>Apr\u00e8s le d\u00e9ficit d&rsquo;approvisionnement, le Luxembourg observe avec attention les effets secondaires de prise d&rsquo;Ozempic. Le risque? Des grossesses non d\u00e9sir\u00e9es.<\/p>\n<p><img decoding=\"async\" alt=\"Thomas Holzer\" src=\"https:\/\/www.europesays.com\/fr\/wp-content\/uploads\/2025\/08\/268f2472-04c2-475e-bd10-16c0ac9aec01.jpeg\" class=\"sc-b1f21c84-1 juVSAe\"\/><img loading=\"lazy\" decoding=\"async\" src=\"https:\/\/www.europesays.com\/fr\/wp-content\/uploads\/2025\/08\/1e994b5b-464b-45dd-b4d6-327b263270d8.png\" alt=\"La prise du m\u00e9dicament Ozempic peut r\u00e9duire les effets de la pilule contraceptive.\" title=\"La prise du m\u00e9dicament Ozempic peut r\u00e9duire les effets de la pilule contraceptive.\"  width=\"1200\" height=\"686\"\/><\/p>\n<p>La prise du m\u00e9dicament Ozempic peut r\u00e9duire les effets de la pilule contraceptive.<\/p>\n<p>eceve<\/p>\n<p>Elon Musk, Oprah Winfrey, Lizzo. <a target=\"_blank\" href=\"https:\/\/www.vanityfair.fr\/article\/ces-stars-qui-se-sont-laissees-tenter-par-lozempic\" rel=\"noopener noreferrer nofollow\">On ne compte plus les stars qui ont reconnu avoir eu recours au m\u00e9dicament Ozempic et ses analogues<\/a>, dont les effets pour la perte de poids se r\u00e9v\u00e8lent parfois spectaculaires. Une publicit\u00e9 malvenue, qui a cr\u00e9\u00e9 de nombreux remous au Luxembourg, o\u00f9 des p\u00e9nuries se sont fait sentir, d\u00e8s 2023.<\/p>\n<p>\u00abLes agonistes du GLP-1 font d\u00e9sormais partie des recommandations actuelles en pharmacologie cardiovasculaire pour le traitement des patients atteints de diab\u00e8te de type 2 et de maladies cardiovasculaires en Europe, expliquant en partie l&rsquo;augmentation de leur prescription\u00bb, r\u00e9sume le minist\u00e8re de la Sant\u00e9 qui, en plus de cette pr\u00e9valence en hausse, a d\u00fb faire face \u00e0 une \u00abpopularit\u00e9 aupr\u00e8s du grand public\u00bb pour un usage \u00aben dehors de l\u2019indication autoris\u00e9e\u00bb.<\/p>\n<p>Cela n&rsquo;a pas \u00e9t\u00e9 sans cons\u00e9quences avec des difficult\u00e9s d&rsquo;approvisionnement pour les malades qui en avaient v\u00e9ritablement besoin. Des communications ont \u00e9t\u00e9 effectu\u00e9es aupr\u00e8s des professionnels de sant\u00e9 fin 2023 et mi-2024, rappelle le minist\u00e8re, qui a d\u00fb encore serrer la visse avec plusieurs arr\u00eat\u00e9s minist\u00e9riels, le dernier au mois de d\u00e9cembre.<\/p>\n<blockquote class=\"Quote_quote__uexDU Quote_siteAreaNews__9_7Qz\">\n<p class=\"Quote_quoteText__6G6oY\">\u00abCes m\u00e9dicaments ne doivent pas \u00eatre pris pendant la grossesse ou l&rsquo;allaitement\u00bb<\/p>\n<\/blockquote>\n<p>Alors que les effets secondaires de la prise de ce m\u00e9dicament sont scrupuleusement surveill\u00e9s par les autorit\u00e9s de sant\u00e9, tant au niveau luxembourgeois qu&rsquo;europ\u00e9en, certaines cons\u00e9quences se font d\u00e9j\u00e0 ressentir. <a target=\"_blank\" href=\"https:\/\/www.7sur7.be\/belgique\/neuf-cas-de-bebes-ozempic-recenses-en-belgique-les-autorites-appellent-a-la-vigilance~a59030fb\/\" rel=\"noopener noreferrer nofollow\">En Belgique, au moins neuf cas de \u00abb\u00e9b\u00e9s Ozempic\u00bb ont \u00e9t\u00e9 r\u00e9pertori\u00e9s<\/a>, en lien avec des grossesses non d\u00e9sir\u00e9es. Le m\u00e9dicament et ses d\u00e9riv\u00e9s provoquent en effet une augmentation de la fertilit\u00e9 et une baisse de l&rsquo;efficacit\u00e9 des pilules. Pour l&rsquo;heure, aucune grossesse r\u00e9sultant de la prise de ce m\u00e9dicament n&rsquo;a \u00e9t\u00e9 d\u00e9clar\u00e9e \u00e0 la Direction de la sant\u00e9 au Luxembourg.<\/p>\n<p>Mais le minist\u00e8re alerte: \u00abActuellement, il est indiqu\u00e9 de fa\u00e7on claire dans la notice que ces m\u00e9dicaments ne doivent pas \u00eatre pris pendant la grossesse ou l&rsquo;allaitement, et qu\u2019une m\u00e9thode de contraception efficace doit \u00eatre utilis\u00e9e. Toute personne qui tombe enceinte alors qu&rsquo;elle prend ces m\u00e9dicaments doit en discuter avec son m\u00e9decin\u00bb.<\/p>\n","protected":false},"excerpt":{"rendered":"Publi\u00e97. ao\u00fbt 2025, 07:00 Ozempic: Au Luxembourg, les d\u00e9rives du traitement minceur des stars Apr\u00e8s le d\u00e9ficit d&rsquo;approvisionnement,&hellip;\n","protected":false},"author":2,"featured_media":302680,"comment_status":"","ping_status":"","sticky":false,"template":"","format":"standard","meta":{"footnotes":""},"categories":[10],"tags":[1011,27,72,71],"class_list":{"0":"post-302679","1":"post","2":"type-post","3":"status-publish","4":"format-standard","5":"has-post-thumbnail","7":"category-sante","8":"tag-fr","9":"tag-france","10":"tag-health","11":"tag-sante"},"share_on_mastodon":{"url":"https:\/\/pubeurope.com\/@fr\/114987333466301100","error":""},"_links":{"self":[{"href":"https:\/\/www.europesays.com\/fr\/wp-json\/wp\/v2\/posts\/302679","targetHints":{"allow":["GET"]}}],"collection":[{"href":"https:\/\/www.europesays.com\/fr\/wp-json\/wp\/v2\/posts"}],"about":[{"href":"https:\/\/www.europesays.com\/fr\/wp-json\/wp\/v2\/types\/post"}],"author":[{"embeddable":true,"href":"https:\/\/www.europesays.com\/fr\/wp-json\/wp\/v2\/users\/2"}],"replies":[{"embeddable":true,"href":"https:\/\/www.europesays.com\/fr\/wp-json\/wp\/v2\/comments?post=302679"}],"version-history":[{"count":0,"href":"https:\/\/www.europesays.com\/fr\/wp-json\/wp\/v2\/posts\/302679\/revisions"}],"wp:featuredmedia":[{"embeddable":true,"href":"https:\/\/www.europesays.com\/fr\/wp-json\/wp\/v2\/media\/302680"}],"wp:attachment":[{"href":"https:\/\/www.europesays.com\/fr\/wp-json\/wp\/v2\/media?parent=302679"}],"wp:term":[{"taxonomy":"category","embeddable":true,"href":"https:\/\/www.europesays.com\/fr\/wp-json\/wp\/v2\/categories?post=302679"},{"taxonomy":"post_tag","embeddable":true,"href":"https:\/\/www.europesays.com\/fr\/wp-json\/wp\/v2\/tags?post=302679"}],"curies":[{"name":"wp","href":"https:\/\/api.w.org\/{rel}","templated":true}]}}