{"id":30268,"date":"2025-04-16T23:45:08","date_gmt":"2025-04-16T23:45:08","guid":{"rendered":"https:\/\/www.europesays.com\/fr\/30268\/"},"modified":"2025-04-16T23:45:08","modified_gmt":"2025-04-16T23:45:08","slug":"un-homme-poignarde-sa-compagne-puis-se-suicide-en-se-jetant-du-10e-etage","status":"publish","type":"post","link":"https:\/\/www.europesays.com\/fr\/30268\/","title":{"rendered":"un homme poignarde sa compagne puis se suicide en se jetant du 10e \u00e9tage"},"content":{"rendered":"<p>Ce mercredi matin \u00e0 Pessac, un homme de 36 ans, d\u00e9j\u00e0 connu de la justice pour des faits de violence, a assen\u00e9 plusieurs coups de couteau \u00e0 sa compagne avant de se d\u00e9fenestrer.<\/p>\n<p class=\"fig-paragraph\">Ce mercredi matin, \u00e0 9h, une femme de 40 ans a \u00e9t\u00e9 victime d\u2019une tentative de\u00a0<a href=\"https:\/\/www.lefigaro.fr\/bordeaux\/l-ex-mari-de-chahinez-daoud-brulee-vive-en-2021-fait-appel-de-sa-condamnation-a-perpetuite-20250416?msockid=258c4318a154643d05395665a0ed65f9\" target=\"_blank\" data-fig-type=\"NewsFlash\" rel=\"noopener\" data-gtm-custom-categorie=\"navigation\" data-gtm-custom-action=\"crossclick\" data-gtm-custom-label=\"Contextuel\" data-gtm-event=\"customEventSPE\" data-fig-domain=\"LEFIGARO\">f\u00e9minicide<\/a>\u00a0dans son appartement \u00e0\u00a0<a href=\"https:\/\/www.lefigaro.fr\/bordeaux\/aeroport-de-bordeaux-a-pessac-les-syndicats-de-riverains-divises-sur-l-avenir-de-la-piste-secante-20250311?msockid=258c4318a154643d05395665a0ed65f9\" target=\"_blank\" data-fig-type=\"NewsFlash\" rel=\"noopener\" data-gtm-custom-categorie=\"navigation\" data-gtm-custom-action=\"crossclick\" data-gtm-custom-label=\"Contextuel\" data-gtm-event=\"customEventSPE\" data-fig-domain=\"LEFIGARO\">Pessac<\/a>. Son compagnon de 36 ans lui a assen\u00e9 plusieurs\u00a0<a href=\"https:\/\/www.lefigaro.fr\/bordeaux\/bordeaux-un-homme-tue-d-un-coup-de-couteau-en-plein-centre-ville-l-auteur-reste-assis-a-cote-de-sa-victime-20250329?msockid=258c4318a154643d05395665a0ed65f9\" target=\"_blank\" data-fig-type=\"NewsFlash\" rel=\"noopener\" data-gtm-custom-categorie=\"navigation\" data-gtm-custom-action=\"crossclick\" data-gtm-custom-label=\"Contextuel\" data-gtm-event=\"customEventSPE\" data-fig-domain=\"LEFIGARO\">coups de couteau<\/a>. Un t\u00e9moin a alert\u00e9 les services de police en indiquant qu\u2019il avait entendu des cris de d\u00e9tresse et qu\u2019il avait crois\u00e9 l\u2019homme ensanglant\u00e9 et hurlant dans les couloirs de l\u2019immeuble.<\/p>\n<p class=\"fig-paragraph\">En arrivant sur les lieux, les forces de l\u2019ordre ont constat\u00e9 la pr\u00e9sence du corps de l\u2019homme, qui venait de se jeter du 10e \u00e9tage du b\u00e2timent. Il \u00e9tait connu de la justice pour des faits de violence. Parall\u00e8lement, la femme, gri\u00e8vement bless\u00e9e, a \u00e9t\u00e9 \u00e9vacu\u00e9e par les secours. De nombreux \u00e9tudiants qui logent dans cette r\u00e9sidence ont \u00e9t\u00e9 t\u00e9moins de la sc\u00e8ne. Une cellule psychologique a \u00e9t\u00e9 mise en place par la mairie de Pessac.<\/p>\n<p>Les nombreux t\u00e9moins auditionn\u00e9s<\/p>\n<p class=\"fig-paragraph\">Un magistrat du parquet s\u2019est imm\u00e9diatement rendu sur les lieux ainsi que le m\u00e9decin l\u00e9giste. Une enqu\u00eate pour recherches des causes de la mort ainsi qu\u2019une enqu\u00eate pour tentative d\u2019homicide volontaire ont \u00e9t\u00e9 ouvertes. L\u2019enqu\u00eate a \u00e9t\u00e9 confi\u00e9e \u00e0 la division de la criminalit\u00e9 territorialis\u00e9e. \u00abLes investigations et notamment les auditions des t\u00e9moins, ainsi que l\u2019autopsie de l\u2019homme, sont en cours\u00bb, indique le parquet de Bordeaux.<\/p>\n","protected":false},"excerpt":{"rendered":"Ce mercredi matin \u00e0 Pessac, un homme de 36 ans, d\u00e9j\u00e0 connu de la justice pour des faits&hellip;\n","protected":false},"author":2,"featured_media":30269,"comment_status":"","ping_status":"","sticky":false,"template":"","format":"standard","meta":{"footnotes":""},"categories":[2817],"tags":[1111,11,9405,1997,2916,2911,2910,2915,2909,2904,2913,2912,2914,2906,2907,1777,674,3555,1011,27,2905,2908,12,2219,25,5748],"class_list":{"0":"post-30268","1":"post","2":"type-post","3":"status-publish","4":"format-standard","5":"has-post-thumbnail","7":"category-bordeaux","8":"tag-actu","9":"tag-actualites","10":"tag-arme-blanche","11":"tag-bordeaux","12":"tag-bordeaux-cauderan","13":"tag-bordeaux-centre-ville","14":"tag-bordeaux-chartrons-grand-parc-jardin-public","15":"tag-bordeaux-la-bastide","16":"tag-bordeaux-maritime","17":"tag-bordeaux-metropole","18":"tag-bordeaux-nansouty-st-genes","19":"tag-bordeaux-st-augustin-tauzin-alphonse-dupeux","20":"tag-bordeaux-sud","21":"tag-capitale-de-gaule","22":"tag-cathedrale-gothique-de-saint-andre","23":"tag-eu","24":"tag-europe","25":"tag-feminicide","26":"tag-fr","27":"tag-france","28":"tag-gironde","29":"tag-girondins-de-bordeaux","30":"tag-news","31":"tag-nouvelle-aquitaine","32":"tag-republique-francaise","33":"tag-suicide"},"share_on_mastodon":{"url":"","error":"Validation failed: Text character limit of 500 exceeded"},"_links":{"self":[{"href":"https:\/\/www.europesays.com\/fr\/wp-json\/wp\/v2\/posts\/30268","targetHints":{"allow":["GET"]}}],"collection":[{"href":"https:\/\/www.europesays.com\/fr\/wp-json\/wp\/v2\/posts"}],"about":[{"href":"https:\/\/www.europesays.com\/fr\/wp-json\/wp\/v2\/types\/post"}],"author":[{"embeddable":true,"href":"https:\/\/www.europesays.com\/fr\/wp-json\/wp\/v2\/users\/2"}],"replies":[{"embeddable":true,"href":"https:\/\/www.europesays.com\/fr\/wp-json\/wp\/v2\/comments?post=30268"}],"version-history":[{"count":0,"href":"https:\/\/www.europesays.com\/fr\/wp-json\/wp\/v2\/posts\/30268\/revisions"}],"wp:featuredmedia":[{"embeddable":true,"href":"https:\/\/www.europesays.com\/fr\/wp-json\/wp\/v2\/media\/30269"}],"wp:attachment":[{"href":"https:\/\/www.europesays.com\/fr\/wp-json\/wp\/v2\/media?parent=30268"}],"wp:term":[{"taxonomy":"category","embeddable":true,"href":"https:\/\/www.europesays.com\/fr\/wp-json\/wp\/v2\/categories?post=30268"},{"taxonomy":"post_tag","embeddable":true,"href":"https:\/\/www.europesays.com\/fr\/wp-json\/wp\/v2\/tags?post=30268"}],"curies":[{"name":"wp","href":"https:\/\/api.w.org\/{rel}","templated":true}]}}