{"id":302685,"date":"2025-08-07T11:52:10","date_gmt":"2025-08-07T11:52:10","guid":{"rendered":"https:\/\/www.europesays.com\/fr\/302685\/"},"modified":"2025-08-07T11:52:10","modified_gmt":"2025-08-07T11:52:10","slug":"si-vous-tapez-bad-ux-sur-google-le-moteur-de-recherche-vous-reserve-une-surprise","status":"publish","type":"post","link":"https:\/\/www.europesays.com\/fr\/302685\/","title":{"rendered":"Si vous tapez \u00ab\u00a0bad ux\u00a0\u00bb sur Google, le moteur de recherche vous r\u00e9serve une surprise\u2026"},"content":{"rendered":"<p>C\u2019est de l\u2019humour d\u2019<a href=\"https:\/\/www.20minutes.fr\/dossier\/informatique\" class=\"color-ultramarine c-link\" target=\"_blank\" rel=\"noopener\">informaticien<\/a>. Depuis ses d\u00e9buts, <a href=\"https:\/\/www.20minutes.fr\/high-tech\/google\/\" class=\"color-ultramarine c-link\" target=\"_blank\" rel=\"noopener\">Google<\/a> aime diss\u00e9miner des clins d\u2019\u0153il, hommages et petites blagues dans son moteur de recherche. De quoi surprendre l\u2019utilisateur lambda parfois, voir occuper les plus grands fans.<\/p>\n<p>Une de ses derni\u00e8res en date a \u00e9t\u00e9 d\u00e9couverte par un utilisateur, lui-m\u00eame rep\u00e9r\u00e9 par nos confr\u00e8res de <a href=\"https:\/\/www.ouest-france.fr\/leditiondusoir\/2025-08-06\/si-vous-recherchez-ces-deux-mots-sur-internet-google-vous-fera-une-blague-66438378-a214-405f-87d3-0c11d39e9d81\" rel=\"nofollow noopener\" target=\"_blank\" class=\"color-ultramarine c-link\">Ouest-France<\/a> apr\u00e8s qu\u2019il en ait fait l\u2019annonce sur le <a href=\"https:\/\/www.20minutes.fr\/dossier\/reddit\" class=\"color-ultramarine c-link\" target=\"_blank\" rel=\"noopener\">forum en ligne Reddit<\/a>. Le principe\u00a0? En tapant une requ\u00eate sp\u00e9cifique, le moteur de recherche change totalement sa police d\u2019\u00e9criture.<\/p>\n<p>\u00ab\u00a0Mauvaise exp\u00e9rience\u00a0\u00bb comique<\/p>\n<p>En tapant \u00ab\u00a0bad ux\u00a0\u00bb dans la barre de recherche, tous les r\u00e9sultats vont appara\u00eetre en \u00ab\u00a0Comic Sans\u00a0\u00bb. Une police d\u2019\u00e9criture l\u00e9g\u00e8rement courb\u00e9e et particuli\u00e8rement moqu\u00e9e sur <a href=\"https:\/\/www.20minutes.fr\/dossier\/internet\" class=\"color-ultramarine c-link\" target=\"_blank\" rel=\"noopener\">Internet<\/a>.<\/p>\n<\/p>\n<p>Cr\u00e9\u00e9e en\u00a01994 par <a href=\"https:\/\/www.20minutes.fr\/high-tech\/windows\/\" class=\"color-ultramarine c-link\" target=\"_blank\" rel=\"noopener\">Windows<\/a>, elle est devenue une blague en elle-m\u00eame et provoque m\u00eame, pour de nombreux utilisateurs, une forme de m\u00e9pris, de \u00ab\u00a0ringardise\u00a0\u00bb lorsqu\u2019elle est utilis\u00e9e sur des blogs, et le signe, parfois, d\u2019un manque de connaissance des usages num\u00e9riques. Sur certains forums, certains recruteurs avouent m\u00eame jeter directement, et sans le lire, un CV s\u2019il est r\u00e9dig\u00e9 dans cette police.<\/p>\n<p>Ce n\u2019est ainsi pas pour rien que le terme choisi pour la faire appara\u00eetre est \u00ab\u00a0bad ux\u00a0\u00bb. En effet, \u00ab\u00a0bad\u00a0\u00bb signifie \u00ab\u00a0mauvais\u00a0\u00bb en Fran\u00e7ais et ux sont les initiales de \u00ab\u00a0User experience\u00a0\u00bb, soit \u00ab\u00a0exp\u00e9rience d\u2019utilisateur\u00a0\u00bb. Un terme tr\u00e8s utilis\u00e9 dans le monde num\u00e9rique puisqu\u2019il d\u00e9signe la qualit\u00e9 du v\u00e9cu de l\u2019utilisateur dans des environnements (num\u00e9riques ou physiques), l\u2019ergonomie, la beaut\u00e9 et l\u2019utilisabilit\u00e9 de logiciels ou de services.<\/p>\n<p><a href=\"https:\/\/www.20minutes.fr\/dossier\/internet\" class=\"c-link c-btn c-btn--primary\" target=\"_blank\" rel=\"noopener\">Retrouvez toute l&rsquo;actualit\u00e9 num\u00e9rique dans notre dossier consacr\u00e9<\/a><\/p>\n<p>Ainsi, \u00ab\u00a0bad ux\u00a0\u00bb ou mauvaise exp\u00e9rience utilisateur refl\u00e8te parfaitement le sentiment ressenti sur un site ou un moteur de recherche qui s\u2019affiche enti\u00e8rement en \u00ab\u00a0Comic Sans\u00a0\u00bb, une police particuli\u00e8rement p\u00e9nible \u00e0 lire.<\/p>\n","protected":false},"excerpt":{"rendered":"C\u2019est de l\u2019humour d\u2019informaticien. Depuis ses d\u00e9buts, Google aime diss\u00e9miner des clins d\u2019\u0153il, hommages et petites blagues dans&hellip;\n","protected":false},"author":2,"featured_media":302686,"comment_status":"","ping_status":"","sticky":false,"template":"","format":"standard","meta":{"footnotes":""},"categories":[7],"tags":[1011,27,323,142,311,310,4125,34147,43,40,41,39,42,44,32088],"class_list":{"0":"post-302685","1":"post","2":"type-post","3":"status-publish","4":"format-standard","5":"has-post-thumbnail","7":"category-sciences-et-technologies","8":"tag-fr","9":"tag-france","10":"tag-google","11":"tag-high-tech","12":"tag-informatique","13":"tag-internet","14":"tag-numerique","15":"tag-reddit","16":"tag-science","17":"tag-science-and-technology","18":"tag-sciences","19":"tag-sciences-et-technologies","20":"tag-technologies","21":"tag-technology","22":"tag-windows"},"share_on_mastodon":{"url":"https:\/\/pubeurope.com\/@fr\/114987345132459829","error":""},"_links":{"self":[{"href":"https:\/\/www.europesays.com\/fr\/wp-json\/wp\/v2\/posts\/302685","targetHints":{"allow":["GET"]}}],"collection":[{"href":"https:\/\/www.europesays.com\/fr\/wp-json\/wp\/v2\/posts"}],"about":[{"href":"https:\/\/www.europesays.com\/fr\/wp-json\/wp\/v2\/types\/post"}],"author":[{"embeddable":true,"href":"https:\/\/www.europesays.com\/fr\/wp-json\/wp\/v2\/users\/2"}],"replies":[{"embeddable":true,"href":"https:\/\/www.europesays.com\/fr\/wp-json\/wp\/v2\/comments?post=302685"}],"version-history":[{"count":0,"href":"https:\/\/www.europesays.com\/fr\/wp-json\/wp\/v2\/posts\/302685\/revisions"}],"wp:featuredmedia":[{"embeddable":true,"href":"https:\/\/www.europesays.com\/fr\/wp-json\/wp\/v2\/media\/302686"}],"wp:attachment":[{"href":"https:\/\/www.europesays.com\/fr\/wp-json\/wp\/v2\/media?parent=302685"}],"wp:term":[{"taxonomy":"category","embeddable":true,"href":"https:\/\/www.europesays.com\/fr\/wp-json\/wp\/v2\/categories?post=302685"},{"taxonomy":"post_tag","embeddable":true,"href":"https:\/\/www.europesays.com\/fr\/wp-json\/wp\/v2\/tags?post=302685"}],"curies":[{"name":"wp","href":"https:\/\/api.w.org\/{rel}","templated":true}]}}