{"id":302691,"date":"2025-08-07T11:55:10","date_gmt":"2025-08-07T11:55:10","guid":{"rendered":"https:\/\/www.europesays.com\/fr\/302691\/"},"modified":"2025-08-07T11:55:10","modified_gmt":"2025-08-07T11:55:10","slug":"les-locaux-de-la-compagnie-israelienne-el-al-degrades-a-paris","status":"publish","type":"post","link":"https:\/\/www.europesays.com\/fr\/302691\/","title":{"rendered":"les locaux de la compagnie isra\u00e9lienne El Al d\u00e9grad\u00e9s \u00e0 Paris"},"content":{"rendered":"<p>\u00abJ\u2019attends des autorit\u00e9s fran\u00e7aises charg\u00e9es de l\u2019application de la loi qu\u2019elles localisent les criminels et prennent des mesures fortes \u00e0 leur encontre\u00bb, a r\u00e9agi jeudi la ministre isra\u00e9lienne des Transports.<\/p>\n<p class=\"fig-paragraph\">Isra\u00ebl condamne un \u00abacte barbare\u00bb. L&rsquo;entr\u00e9e des locaux de la compagnie a\u00e9rienne isra\u00e9lienne El Al \u00e0 Paris a \u00e9t\u00e9 recouverte de peinture rouge et\u00a0<a href=\"http:\/\/www.lefigaro.fr\/faits-divers\/insultes-menaces-tags-plusieurs-actes-antisemites-recenses-sur-fond-de-conflit-israelo-palestinien-20231009\" target=\"_blank\" data-fig-type=\"NewsFlash\" rel=\"noopener\" data-gtm-custom-categorie=\"navigation\" data-gtm-custom-action=\"crossclick\" data-gtm-custom-label=\"Contextuel\" data-gtm-event=\"customEventSPE\" data-fig-domain=\"LEFIGARO\">de tags hostiles<\/a>\u00a0dans la nuit du mercredi 6 au jeudi 7 ao\u00fbt. Des journalistes ont constat\u00e9 jeudi matin des inscriptions \u00abPalestine vivra, Palestine vaincra\u00bb, \u00abFuck zionism\u00bb ou encore \u00abEl Al Genocide Airline\u00bb sur les murs entourant la porte d&rsquo;entr\u00e9e de l&rsquo;immeuble abritant les locaux de la compagnie, rue de Turbigo (IIIe arrondissement), dans le centre de la capitale. La fa\u00e7ade et le sol avaient \u00e9t\u00e9 asperg\u00e9s de peinture rouge.<\/p>\n<p class=\"fig-paragraph\">La ministre isra\u00e9lienne des Transports, Miri Regev, a condamn\u00e9 sur X un \u00abacte barbare et violent contre El Al\u00bb. \u00abJ&rsquo;attends des autorit\u00e9s fran\u00e7aises charg\u00e9es de l&rsquo;application de la loi qu&rsquo;elles localisent les criminels et prennent des mesures fortes \u00e0 leur encontre\u00bb, a-t-elle ajout\u00e9. \u00abAujourd&rsquo;hui c&rsquo;est El Al, demain c&rsquo;est\u00a0<a href=\"http:\/\/www.lefigaro.fr\/conjoncture\/air-france-victime-d-une-fuite-de-donnees-a-la-suite-d-un-acces-frauduleux-20250806\" target=\"_blank\" data-fig-type=\"NewsFlash\" rel=\"noopener\" data-gtm-custom-categorie=\"navigation\" data-gtm-custom-action=\"crossclick\" data-gtm-custom-label=\"Contextuel\" data-gtm-event=\"customEventSPE\" data-fig-domain=\"LEFIGARO\">Air France<\/a> . Lorsque le pr\u00e9sident fran\u00e7ais Macron annonce des cadeaux au Hamas, voici le r\u00e9sultat\u00bb, a aussi \u00e9crit la ministre. Emmanuel Macron a annonc\u00e9 fin juillet que la France\u00a0<a href=\"http:\/\/www.lefigaro.fr\/international\/la-france-va-reconnaitre-l-etat-de-palestine-20250724\" data-fig-type=\"NewsFlash\" data-gtm-custom-categorie=\"navigation\" data-gtm-custom-action=\"crossclick\" data-gtm-custom-label=\"Contextuel\" data-gtm-event=\"customEventSPE\" data-fig-domain=\"LEFIGARO\" target=\"_blank\" rel=\"noopener\">reconna\u00eetrait l&rsquo;\u00c9tat de Palestine en septembre \u00e0 l&rsquo;ONU<\/a>.<\/p>\n<p>                                    <a class=\"fig-a11y-skip a11y-hidden\" href=\"#fig-a11y-skip-main-inarticle\"><br \/>\n        Passer la publicit\u00e9<br \/>\n    <\/a><\/p>\n<p>\u00abC\u2019est un acte de terrorisme\u00bb<\/p>\n<p class=\"fig-paragraph\">L&rsquo;ambassadeur d&rsquo;Isra\u00ebl en France, Joshua Zarka, s&rsquo;est rendu devant la fa\u00e7ade d\u00e9grad\u00e9e en fin de matin\u00e9e. \u00abC&rsquo;est un acte de terrorisme parce que \u00e7a a pour but de terroriser, de terroriser les employ\u00e9s d&rsquo;El Al, de terroriser les citoyens isra\u00e9liens, de leur faire peur et d&rsquo;essayer de leur faire sentir qu&rsquo;ils ne sont pas les bienvenus, que ce soit en France ou en dehors de leur pays\u00bb, a d\u00e9clar\u00e9 \u00e0 la presse le diplomate.<\/p>\n<p class=\"fig-body-link\">\n            \u00c0 lire aussi<br \/>\n        <a class=\"fig-body-link__link fig-premium-mark\" href=\"http:\/\/www.lefigaro.fr\/international\/emmanuel-macron-en-passe-de-reussir-son-pari-sur-une-reconnaissance-de-la-palestine-20250731\" target=\"_blank\" data-fig-type=\"Article\" rel=\"noopener\" data-gtm-custom-categorie=\"navigation\" data-gtm-custom-action=\"crossclick\" data-gtm-custom-label=\"Contextuel\" data-gtm-event=\"customEventSPE\" data-fig-domain=\"LEFIGARO\">Emmanuel Macron en passe de r\u00e9ussir son pari sur une reconnaissance de la Palestine<br \/>\n    <\/a>\n<\/p>\n<p class=\"fig-paragraph\">Selon la compagnie, cit\u00e9e par la cha\u00eene de t\u00e9l\u00e9vision isra\u00e9lienne N12, \u00abl&rsquo;incident s&rsquo;est produit alors que le b\u00e2timent \u00e9tait vide et qu&rsquo;il n&rsquo;y avait aucun danger pour les employ\u00e9s de l&rsquo;entreprise\u00bb. \u00abEl Al arbore fi\u00e8rement le drapeau isra\u00e9lien sur la queue de ses avions et condamne toute forme de violence, en particulier celle fond\u00e9e sur l&rsquo;antis\u00e9mitisme\u00bb, a ajout\u00e9 la compagnie nationale.<\/p>\n<p>Plusieurs pr\u00e9c\u00e9dents<\/p>\n<p class=\"fig-paragraph\">D\u00e9but juin, plusieurs lieux juifs \u00e0 Paris avaient \u00e9t\u00e9 asperg\u00e9s de peinture verte, et trois Serbes ont \u00e9t\u00e9 mis en examen et \u00e9crou\u00e9s, suspect\u00e9s par les enqu\u00eateurs d&rsquo;avoir agi dans le but de servir les int\u00e9r\u00eats d&rsquo;une puissance \u00e9trang\u00e8re, possiblement la Russie.<\/p>\n<p class=\"fig-paragraph\">Isra\u00ebl est en guerre dans la bande de Gaza contre le Hamas depuis l&rsquo;attaque sans pr\u00e9c\u00e9dent du mouvement islamiste palestinien sur son sol le 7 octobre 2023. L&rsquo;attaque du 7-Octobre a entra\u00een\u00e9 du c\u00f4t\u00e9 isra\u00e9lien la mort de 1219 personnes, en majorit\u00e9 des civils, selon un d\u00e9compte de l&rsquo;AFP r\u00e9alis\u00e9 \u00e0 partir de donn\u00e9es officielles. L&rsquo;offensive isra\u00e9lienne men\u00e9e en repr\u00e9sailles a fait au moins 61.158 morts \u00e0 Gaza, en majorit\u00e9 des civils, selon les donn\u00e9es du minist\u00e8re de la Sant\u00e9 du Hamas, jug\u00e9es fiables par l&rsquo;ONU.<\/p>\n","protected":false},"excerpt":{"rendered":"\u00abJ\u2019attends des autorit\u00e9s fran\u00e7aises charg\u00e9es de l\u2019application de la loi qu\u2019elles localisent les criminels et prennent des mesures&hellip;\n","protected":false},"author":2,"featured_media":302692,"comment_status":"","ping_status":"","sticky":false,"template":"","format":"standard","meta":{"footnotes":""},"categories":[4],"tags":[11,1011,27,664,12,3518,25],"class_list":{"0":"post-302691","1":"post","2":"type-post","3":"status-publish","4":"format-standard","5":"has-post-thumbnail","7":"category-france","8":"tag-actualites","9":"tag-fr","10":"tag-france","11":"tag-israel","12":"tag-news","13":"tag-palestine","14":"tag-republique-francaise"},"share_on_mastodon":{"url":"https:\/\/pubeurope.com\/@fr\/114987356913969709","error":""},"_links":{"self":[{"href":"https:\/\/www.europesays.com\/fr\/wp-json\/wp\/v2\/posts\/302691","targetHints":{"allow":["GET"]}}],"collection":[{"href":"https:\/\/www.europesays.com\/fr\/wp-json\/wp\/v2\/posts"}],"about":[{"href":"https:\/\/www.europesays.com\/fr\/wp-json\/wp\/v2\/types\/post"}],"author":[{"embeddable":true,"href":"https:\/\/www.europesays.com\/fr\/wp-json\/wp\/v2\/users\/2"}],"replies":[{"embeddable":true,"href":"https:\/\/www.europesays.com\/fr\/wp-json\/wp\/v2\/comments?post=302691"}],"version-history":[{"count":0,"href":"https:\/\/www.europesays.com\/fr\/wp-json\/wp\/v2\/posts\/302691\/revisions"}],"wp:featuredmedia":[{"embeddable":true,"href":"https:\/\/www.europesays.com\/fr\/wp-json\/wp\/v2\/media\/302692"}],"wp:attachment":[{"href":"https:\/\/www.europesays.com\/fr\/wp-json\/wp\/v2\/media?parent=302691"}],"wp:term":[{"taxonomy":"category","embeddable":true,"href":"https:\/\/www.europesays.com\/fr\/wp-json\/wp\/v2\/categories?post=302691"},{"taxonomy":"post_tag","embeddable":true,"href":"https:\/\/www.europesays.com\/fr\/wp-json\/wp\/v2\/tags?post=302691"}],"curies":[{"name":"wp","href":"https:\/\/api.w.org\/{rel}","templated":true}]}}