{"id":302695,"date":"2025-08-07T11:57:12","date_gmt":"2025-08-07T11:57:12","guid":{"rendered":"https:\/\/www.europesays.com\/fr\/302695\/"},"modified":"2025-08-07T11:57:12","modified_gmt":"2025-08-07T11:57:12","slug":"quel-avenir-pour-la-rue-des-artistes","status":"publish","type":"post","link":"https:\/\/www.europesays.com\/fr\/302695\/","title":{"rendered":"quel avenir pour la Rue des artistes\u00a0?"},"content":{"rendered":"<p>Toutes les cases \u00e9taient pourtant coch\u00e9es. La m\u00e9t\u00e9o\u00a0: ensoleill\u00e9e. Les b\u00e9n\u00e9voles\u00a0: nombreux. La programmation\u00a0: aux petits oignons. Mais \u00e7a n\u2019a pas suffi. \u00ab\u00a0Cette 28e \u00e9dition n\u2019a pas \u00e9t\u00e9 top,\u00a0\u00bb l\u00e2che Mustapha Kerroua, directeur artistique du festival de la Rue des artistes.\u00a04\u00a0113 personnes seulement sont all\u00e9es \u00e9couter les artistes dans le parc Nelson-Mandela, entre le 13 et le 15\u00a0juin dernier. C\u2019est 1\u00a0500 de moins qu\u2019en 2024. \u00ab\u00a0Pourquoi en manque-t-il autant\u00a0? s\u2019interroge le directeur. On esp\u00e9rait au moins 6\u00a0200 spectateurs.\u00a0\u00bb<\/p>\n<p>Apr\u00e8s une \u00e9dition 2023 compliqu\u00e9e en termes de fr\u00e9quentation, <a href=\"https:\/\/www.leprogres.fr\/culture-loisirs\/2024\/05\/19\/en-sursis-la-rue-des-artistes-mise-sur-ses-valeurs-pour-se-relancer\" target=\"_blank\" rel=\"noopener\">une bonne fourn\u00e9e 2024 avait ramen\u00e9 un nouveau souffle d\u2019espoir<\/a> \u00e0 l\u2019association organisatrice, Atout monde. Mais l\u2019essai n\u2019a pas \u00e9t\u00e9 transform\u00e9 en 2025.<\/p>\n<p>  \u00ab\u00a0Avant, on \u00e9tait un peu pr\u00e9serv\u00e9s de la concurrence, au mois de juin, beaucoup moins maintenant\u00a0\u00bb<\/p>\n<p>\u00ab\u00a0Il y a eu d\u2019autres \u00e9v\u00e9nements le m\u00eame week-end, analyse Cynthia Fort, charg\u00e9e de production, et organis\u00e9s \u00e0 moins de cinquante kilom\u00e8tres, \u00e0 Lyon, Saint-\u00c9tienne ou Vienne. Avant, on \u00e9tait un peu pr\u00e9serv\u00e9s de la concurrence, au mois de juin, beaucoup moins maintenant.\u00a0\u00bb<\/p>\n<p>Le samedi 14\u00a0juin, notamment, se tenait \u00e0 Geoffroy-Guichard <a href=\"https:\/\/www.leprogres.fr\/culture-loisirs\/2025\/03\/14\/un-nouveau-festival-de-musique-organise-au-stade-geoffroy-guichard-le-14-juin\" target=\"_blank\" rel=\"noopener\">le Lat\u00e9ral festival<\/a>, qui a sans doute attir\u00e9 un public branch\u00e9 reggae, alors m\u00eame que la programmation de la Rue des artistes \u00e9tait dans cette veine ce soir-l\u00e0. \u00ab\u00a0Le samedi, on a pris une claque,\u00a0\u00bb reconna\u00eet le directeur.<\/p>\n<p>  Une hausse des cachets artistiques<\/p>\n<p>Ce constat tout de m\u00eame\u00a0: parmi les autres festivals de musique actuelle, la tendance g\u00e9n\u00e9rale est plut\u00f4t \u00e0 la morosit\u00e9, et Saint-Chamond ne fait pas exception, contrairement \u00e0 l\u2019an dernier. Les billets ne partent pas bien, et quand ils partent, c\u2019est souvent au dernier moment.<\/p>\n<p>\u00ab\u00a0Cela ne va pas aller en s\u2019arrangeant,\u00a0\u00bb pr\u00e9dit Jules Vernay, administrateur d\u2019Atout monde, en pointant notamment \u00ab\u00a0la hausse des cachets artistiques, avec l\u2019inflation\u00a0\u00bb. Des artistes t\u00eates d\u2019affiche qui demandent des sommes de plus en plus importantes (certains ont d\u00e9j\u00e0 r\u00e9clam\u00e9 40\u00a0000\u00a0euros), alors que, dans le m\u00eame temps, les autres sources de financements ne suivent plus.<\/p>\n<p>\u00ab\u00a0Nous essayons d\u2019utiliser le m\u00e9c\u00e9nat, \u00e7a avait bien march\u00e9 en 2024 mais en 2025, les entreprises nous donnent moins.\u00a0\u00bb Quant aux subventions publiques, elles ont \u00e9t\u00e9 maintenues pour la Ville, la R\u00e9gion et la M\u00e9tropole, mais celle du D\u00e9partement est &#8211; a priori, l\u2019association attend encore confirmation &#8211; revue \u00e0 la baisse.<\/p>\n<p>  Entre 40 et 45\u00a0% de baisse<\/p>\n<p>Les recettes du bar et de la billetterie affichent, elles, entre 40\u00a0% et 45\u00a0% de baisse, par rapport \u00e0 2024. \u00ab\u00a0On n\u2019a pas rentr\u00e9 d\u2019argent. On n\u2019est pas d\u00e9ficitaires, mais \u00e7a va forc\u00e9ment avoir un impact sur les prochaines manifestations d\u2019Atout monde, se d\u00e9sole Mustapha Kerroua. Il va falloir taper dans les fonds propres, qui ne sont pas importants.\u00a0\u00bb<\/p>\n<p>Le risque, c\u2019est de mettre \u00e0 terme, au ch\u00f4mage, deux salari\u00e9s, une alternante, mais aussi la petite vingtaine de personnes qui travaillent pendant le festival. C\u2019est tout un petit syst\u00e8me \u00e9conomie local qui peut s\u2019effondrer.<\/p>\n<p>  \u00ab\u00a0Nous sommes encore loin de ce qu\u2019on pourrait exiger\u00a0\u00bb<\/p>\n<p>Les tarifs d\u2019entr\u00e9e ont \u00e9t\u00e9 revus l\u2019an dernier\u00a0: \u00ab\u00a0Pour faire un festival \u00e0 10\u00a0euros la journ\u00e9e, on est oblig\u00e9s d\u2019avoir de l\u2019argent public, explique le directeur. Il n\u2019y a pas de mod\u00e8le \u00e9conomique \u00e0 5\u00a0euros l\u2019entr\u00e9e, et m\u00eame \u00e0 10 ou 12\u00a0euros, mais nous sommes encore loin <a href=\"https:\/\/www.leprogres.fr\/economie\/2023\/11\/22\/rue-des-artistes-si-on-se-casse-la-gueule-en-2024-c-est-fini-pour-nous\" target=\"_blank\" rel=\"noopener\">de ce qu\u2019on pourrait exiger<\/a>. Nous sommes tr\u00e8s loin de payer le plateau du samedi soir\u00a0\u00bb. Et pourtant, les organisateurs tiennent \u00e0 garder l\u2019\u00e2me du festival, engag\u00e9e et populaire, avec des tarifs accessibles.<\/p>\n<p>Alors faut-il augmenter &#8211; un peu \u2014 le prix d\u2019entr\u00e9e de la Rue des artistes\u00a0? Faut-il prendre moins de t\u00eates d\u2019affiche, plus d\u2019artistes \u00e9mergents\u00a0? Faut-il aller chercher de nouvelles sources de financement\u00a0? Des questions qui se poseront sans aucun doute avant la prochaine \u00e9dition.<\/p>\n<p>Si on ne conna\u00eet pas encore la programmation, vous pouvez d\u00e9j\u00e0 cocher la date sur le calendrier. Le prochain festival de la Rue des artistes aura lieu les 19, 20 et 21\u00a0juin\u00a02026, le m\u00eame week-end que la F\u00eate de la musique.<\/p>\n<p class=\"txt\">On n\u2019a pas rentr\u00e9 d\u2019argent. On n\u2019est pas d\u00e9ficitaires, mais \u00e7a va forc\u00e9ment avoir un impact sur les prochaines manifestations.<\/p>\n<p>Mustapha Kerroua, directeur artistique du festival<\/p>\n","protected":false},"excerpt":{"rendered":"Toutes les cases \u00e9taient pourtant coch\u00e9es. La m\u00e9t\u00e9o\u00a0: ensoleill\u00e9e. Les b\u00e9n\u00e9voles\u00a0: nombreux. La programmation\u00a0: aux petits oignons. Mais&hellip;\n","protected":false},"author":2,"featured_media":302696,"comment_status":"","ping_status":"","sticky":false,"template":"","format":"standard","meta":{"footnotes":""},"categories":[9653],"tags":[1111,11,2430,1687,7539,1777,674,3326,1011,27,873,12,2661,25,9669,9670,4001,3140],"class_list":{"0":"post-302695","1":"post","2":"type-post","3":"status-publish","4":"format-standard","5":"has-post-thumbnail","7":"category-saint-etienne","8":"tag-actu","9":"tag-actualites","10":"tag-auvergne-rhone-alpes","11":"tag-culture-loisirs","12":"tag-edition-loire-sud","13":"tag-eu","14":"tag-europe","15":"tag-fete-locale","16":"tag-fr","17":"tag-france","18":"tag-musique","19":"tag-news","20":"tag-patrimoine-culturel","21":"tag-republique-francaise","22":"tag-saint-chamond","23":"tag-saint-chamond-ville","24":"tag-saint-etienne","25":"tag-spectacle"},"share_on_mastodon":{"url":"https:\/\/pubeurope.com\/@fr\/114987364730853141","error":""},"_links":{"self":[{"href":"https:\/\/www.europesays.com\/fr\/wp-json\/wp\/v2\/posts\/302695","targetHints":{"allow":["GET"]}}],"collection":[{"href":"https:\/\/www.europesays.com\/fr\/wp-json\/wp\/v2\/posts"}],"about":[{"href":"https:\/\/www.europesays.com\/fr\/wp-json\/wp\/v2\/types\/post"}],"author":[{"embeddable":true,"href":"https:\/\/www.europesays.com\/fr\/wp-json\/wp\/v2\/users\/2"}],"replies":[{"embeddable":true,"href":"https:\/\/www.europesays.com\/fr\/wp-json\/wp\/v2\/comments?post=302695"}],"version-history":[{"count":0,"href":"https:\/\/www.europesays.com\/fr\/wp-json\/wp\/v2\/posts\/302695\/revisions"}],"wp:featuredmedia":[{"embeddable":true,"href":"https:\/\/www.europesays.com\/fr\/wp-json\/wp\/v2\/media\/302696"}],"wp:attachment":[{"href":"https:\/\/www.europesays.com\/fr\/wp-json\/wp\/v2\/media?parent=302695"}],"wp:term":[{"taxonomy":"category","embeddable":true,"href":"https:\/\/www.europesays.com\/fr\/wp-json\/wp\/v2\/categories?post=302695"},{"taxonomy":"post_tag","embeddable":true,"href":"https:\/\/www.europesays.com\/fr\/wp-json\/wp\/v2\/tags?post=302695"}],"curies":[{"name":"wp","href":"https:\/\/api.w.org\/{rel}","templated":true}]}}