{"id":302697,"date":"2025-08-07T11:58:10","date_gmt":"2025-08-07T11:58:10","guid":{"rendered":"https:\/\/www.europesays.com\/fr\/302697\/"},"modified":"2025-08-07T11:58:10","modified_gmt":"2025-08-07T11:58:10","slug":"loctogenaire-piege-par-la-technique-de-la-prise-de-judo","status":"publish","type":"post","link":"https:\/\/www.europesays.com\/fr\/302697\/","title":{"rendered":"l\u2019octog\u00e9naire pi\u00e9g\u00e9 par la technique \u00ab de la prise de judo \u00bb"},"content":{"rendered":"<p>Le 23\u00a0mai, en centre-ville de Saint-\u00c9tienne, un homme de 86 ans est victime d\u2019un vol avec violence. Un individu de 27 ans, s\u2019approche de lui et proc\u00e8de selon la technique dite \u00ab de la prise de judo\u00a0\u00bb. Une technique qui fonctionne sur des personnes un peu cr\u00e9dules.<\/p>\n<p>Identifi\u00e9 gr\u00e2ce au syst\u00e8me de reconnaissance\u00a0faciale<\/p>\n<p>L\u2019individu propose une d\u00e9monstration de judo. Il met son bras autour du cou de sa victime et simule un croche-pied. Il en profite pour arracher la cha\u00eene que le vieil homme porte autour du cou et s\u2019enfuit.<\/p>\n<p>Deux t\u00e9moins, clients d\u2019un bar, assistent \u00e0 la sc\u00e8ne et pourront donner un signalement de l\u2019individu. Les policiers vont \u00e9galement visionner les vid\u00e9os de l\u2019\u00e9tablissement. Ils arrivent \u00e0 extraire une photo tr\u00e8s nette de l\u2019individu. Il pourra \u00eatre ainsi identifi\u00e9 gr\u00e2ce au syst\u00e8me de reconnaissance\u00a0faciale. Victime et t\u00e9moins l\u2019identifieront.<strong><\/strong><strong><\/strong><strong><\/strong><\/p>\n<p>  Un homme interpell\u00e9 des mois plus tard<\/p>\n<p>Il a \u00e9t\u00e9 interpell\u00e9, dans l\u2019agglom\u00e9ration st\u00e9phanoise, ce lundi 4\u00a0ao\u00fbt et plac\u00e9 en garde \u00e0 vue. Il a fait l\u2019objet d\u2019une comparution imm\u00e9diate devant le tribunal correctionnel ce mercredi 6\u00a0ao\u00fbt pour r\u00e9pondre du fait de vol avec violence.<\/p>\n<p>Le tribunal l\u2019a condamn\u00e9 \u00e0 huit mois de prison avec mandat de d\u00e9p\u00f4t \u00e0 l\u2019audience.<\/p>\n","protected":false},"excerpt":{"rendered":"Le 23\u00a0mai, en centre-ville de Saint-\u00c9tienne, un homme de 86 ans est victime d\u2019un vol avec violence. Un&hellip;\n","protected":false},"author":2,"featured_media":302698,"comment_status":"","ping_status":"","sticky":false,"template":"","format":"standard","meta":{"footnotes":""},"categories":[9653],"tags":[1111,11,2430,271,272,7539,1777,674,274,107,1011,27,3367,12,25,4001,7538],"class_list":{"0":"post-302697","1":"post","2":"type-post","3":"status-publish","4":"format-standard","5":"has-post-thumbnail","7":"category-saint-etienne","8":"tag-actu","9":"tag-actualites","10":"tag-auvergne-rhone-alpes","11":"tag-crime","12":"tag-delit-et-contravention","13":"tag-edition-loire-sud","14":"tag-eu","15":"tag-europe","16":"tag-faits-divers-justice","17":"tag-fil-info","18":"tag-fr","19":"tag-france","20":"tag-loire","21":"tag-news","22":"tag-republique-francaise","23":"tag-saint-etienne","24":"tag-saint-etienne-ville"},"share_on_mastodon":{"url":"https:\/\/pubeurope.com\/@fr\/114987368642796764","error":""},"_links":{"self":[{"href":"https:\/\/www.europesays.com\/fr\/wp-json\/wp\/v2\/posts\/302697","targetHints":{"allow":["GET"]}}],"collection":[{"href":"https:\/\/www.europesays.com\/fr\/wp-json\/wp\/v2\/posts"}],"about":[{"href":"https:\/\/www.europesays.com\/fr\/wp-json\/wp\/v2\/types\/post"}],"author":[{"embeddable":true,"href":"https:\/\/www.europesays.com\/fr\/wp-json\/wp\/v2\/users\/2"}],"replies":[{"embeddable":true,"href":"https:\/\/www.europesays.com\/fr\/wp-json\/wp\/v2\/comments?post=302697"}],"version-history":[{"count":0,"href":"https:\/\/www.europesays.com\/fr\/wp-json\/wp\/v2\/posts\/302697\/revisions"}],"wp:featuredmedia":[{"embeddable":true,"href":"https:\/\/www.europesays.com\/fr\/wp-json\/wp\/v2\/media\/302698"}],"wp:attachment":[{"href":"https:\/\/www.europesays.com\/fr\/wp-json\/wp\/v2\/media?parent=302697"}],"wp:term":[{"taxonomy":"category","embeddable":true,"href":"https:\/\/www.europesays.com\/fr\/wp-json\/wp\/v2\/categories?post=302697"},{"taxonomy":"post_tag","embeddable":true,"href":"https:\/\/www.europesays.com\/fr\/wp-json\/wp\/v2\/tags?post=302697"}],"curies":[{"name":"wp","href":"https:\/\/api.w.org\/{rel}","templated":true}]}}