{"id":302699,"date":"2025-08-07T11:59:18","date_gmt":"2025-08-07T11:59:18","guid":{"rendered":"https:\/\/www.europesays.com\/fr\/302699\/"},"modified":"2025-08-07T11:59:18","modified_gmt":"2025-08-07T11:59:18","slug":"des-sacs-a-redons-pour-preserver-lintimite-des-femmes-operees-du-cancer-du-sein","status":"publish","type":"post","link":"https:\/\/www.europesays.com\/fr\/302699\/","title":{"rendered":"des sacs \u00e0 redons pour pr\u00e9server l&rsquo;intimit\u00e9 des femmes op\u00e9r\u00e9es du cancer du sein"},"content":{"rendered":"<p>L&rsquo;antenne de l&rsquo;association Symphonie, install\u00e9e \u00e0 Arrancy-sur-Crusnes, sous la houlette de Chantal Beck, agit dans le Pays-Haut meurthe-et-mosellan et le Nord meusien.\u00a0Les b\u00e9n\u00e9voles confectionnent des sacs \u00e0 redons, port\u00e9s en bandouli\u00e8re, ils assurent la discr\u00e9tion aux femmes qui ont \u00e9t\u00e9 op\u00e9r\u00e9es et\u00a0 doivent porter des\u00a0drains mammaires.<\/p>\n","protected":false},"excerpt":{"rendered":"L&rsquo;antenne de l&rsquo;association Symphonie, install\u00e9e \u00e0 Arrancy-sur-Crusnes, sous la houlette de Chantal Beck, agit dans le Pays-Haut meurthe-et-mosellan&hellip;\n","protected":false},"author":2,"featured_media":302700,"comment_status":"","ping_status":"","sticky":false,"template":"","format":"standard","meta":{"footnotes":""},"categories":[9635],"tags":[1111,11,15834,14238,1777,674,107,1011,27,5325,2798,775,14236,3457,1702,12,25,71,104],"class_list":{"0":"post-302699","1":"post","2":"type-post","3":"status-publish","4":"format-standard","5":"has-post-thumbnail","7":"category-nancy","8":"tag-actu","9":"tag-actualites","10":"tag-edition-briey","11":"tag-edition-longwy","12":"tag-eu","13":"tag-europe","14":"tag-fil-info","15":"tag-fr","16":"tag-france","17":"tag-galerie-media","18":"tag-galerie-photo","19":"tag-grand-est","20":"tag-longuyon","21":"tag-meurthe-et-moselle","22":"tag-nancy","23":"tag-news","24":"tag-republique-francaise","25":"tag-sante","26":"tag-societe"},"share_on_mastodon":{"url":"https:\/\/pubeurope.com\/@fr\/114987372750209391","error":""},"_links":{"self":[{"href":"https:\/\/www.europesays.com\/fr\/wp-json\/wp\/v2\/posts\/302699","targetHints":{"allow":["GET"]}}],"collection":[{"href":"https:\/\/www.europesays.com\/fr\/wp-json\/wp\/v2\/posts"}],"about":[{"href":"https:\/\/www.europesays.com\/fr\/wp-json\/wp\/v2\/types\/post"}],"author":[{"embeddable":true,"href":"https:\/\/www.europesays.com\/fr\/wp-json\/wp\/v2\/users\/2"}],"replies":[{"embeddable":true,"href":"https:\/\/www.europesays.com\/fr\/wp-json\/wp\/v2\/comments?post=302699"}],"version-history":[{"count":0,"href":"https:\/\/www.europesays.com\/fr\/wp-json\/wp\/v2\/posts\/302699\/revisions"}],"wp:featuredmedia":[{"embeddable":true,"href":"https:\/\/www.europesays.com\/fr\/wp-json\/wp\/v2\/media\/302700"}],"wp:attachment":[{"href":"https:\/\/www.europesays.com\/fr\/wp-json\/wp\/v2\/media?parent=302699"}],"wp:term":[{"taxonomy":"category","embeddable":true,"href":"https:\/\/www.europesays.com\/fr\/wp-json\/wp\/v2\/categories?post=302699"},{"taxonomy":"post_tag","embeddable":true,"href":"https:\/\/www.europesays.com\/fr\/wp-json\/wp\/v2\/tags?post=302699"}],"curies":[{"name":"wp","href":"https:\/\/api.w.org\/{rel}","templated":true}]}}