{"id":302703,"date":"2025-08-07T12:01:13","date_gmt":"2025-08-07T12:01:13","guid":{"rendered":"https:\/\/www.europesays.com\/fr\/302703\/"},"modified":"2025-08-07T12:01:13","modified_gmt":"2025-08-07T12:01:13","slug":"les-municipales-a-toulon-lombre-de-falco-la-guerre-de-succession-et-la-menace-rn","status":"publish","type":"post","link":"https:\/\/www.europesays.com\/fr\/302703\/","title":{"rendered":"Les municipales \u00e0 Toulon : l\u2019ombre de Falco, la guerre de succession et la menace RN"},"content":{"rendered":"<p>    <img decoding=\"async\" class=\"Image\" alt=\"municipales.jpg\"  width=\"840\" height=\"927\" src=\"https:\/\/www.europesays.com\/fr\/wp-content\/uploads\/2025\/08\/1754568073_122_\" loading=\"lazy\"\/><\/p>\n<p>Comme un effet boomerang. D\u00e9but juillet, Laure Lavalette, la tr\u00e8s probable candidate du RN pour les municipales \u00e0 Toulon, communiquait sur sa \u00ab\u00a0d\u00e9marche de rassemblement\u00a0\u00bb, tendant la main \u00e0 la droite locale men\u00e9e par le s\u00e9nateur LR Michel Bonnus. \u00ab\u00a0Jamais\u00a0\u00bb, a aussit\u00f4t r\u00e9pliqu\u00e9 l\u2019int\u00e9ress\u00e9. Qui la remercie aujourd\u2019hui\u00a0: \u00ab\u00a0sa man\u0153uvre politique m\u2019a permis de d\u00e9jeuner avec Hubert Falco, on s\u2019est embrass\u00e9s\u202f! Ils ont bien vu que je n\u2019\u00e9tais pas RN.\u00a0\u00bb<\/p>\n","protected":false},"excerpt":{"rendered":"Comme un effet boomerang. D\u00e9but juillet, Laure Lavalette, la tr\u00e8s probable candidate du RN pour les municipales \u00e0&hellip;\n","protected":false},"author":2,"featured_media":302704,"comment_status":"","ping_status":"","sticky":false,"template":"","format":"standard","meta":{"footnotes":""},"categories":[9619],"tags":[1111,11,1777,674,1011,27,12,882,25,2310],"class_list":{"0":"post-302703","1":"post","2":"type-post","3":"status-publish","4":"format-standard","5":"has-post-thumbnail","7":"category-toulon","8":"tag-actu","9":"tag-actualites","10":"tag-eu","11":"tag-europe","12":"tag-fr","13":"tag-france","14":"tag-news","15":"tag-provence-alpes-cote-dazur","16":"tag-republique-francaise","17":"tag-toulon"},"share_on_mastodon":{"url":"https:\/\/pubeurope.com\/@fr\/114987381584721425","error":""},"_links":{"self":[{"href":"https:\/\/www.europesays.com\/fr\/wp-json\/wp\/v2\/posts\/302703","targetHints":{"allow":["GET"]}}],"collection":[{"href":"https:\/\/www.europesays.com\/fr\/wp-json\/wp\/v2\/posts"}],"about":[{"href":"https:\/\/www.europesays.com\/fr\/wp-json\/wp\/v2\/types\/post"}],"author":[{"embeddable":true,"href":"https:\/\/www.europesays.com\/fr\/wp-json\/wp\/v2\/users\/2"}],"replies":[{"embeddable":true,"href":"https:\/\/www.europesays.com\/fr\/wp-json\/wp\/v2\/comments?post=302703"}],"version-history":[{"count":0,"href":"https:\/\/www.europesays.com\/fr\/wp-json\/wp\/v2\/posts\/302703\/revisions"}],"wp:featuredmedia":[{"embeddable":true,"href":"https:\/\/www.europesays.com\/fr\/wp-json\/wp\/v2\/media\/302704"}],"wp:attachment":[{"href":"https:\/\/www.europesays.com\/fr\/wp-json\/wp\/v2\/media?parent=302703"}],"wp:term":[{"taxonomy":"category","embeddable":true,"href":"https:\/\/www.europesays.com\/fr\/wp-json\/wp\/v2\/categories?post=302703"},{"taxonomy":"post_tag","embeddable":true,"href":"https:\/\/www.europesays.com\/fr\/wp-json\/wp\/v2\/tags?post=302703"}],"curies":[{"name":"wp","href":"https:\/\/api.w.org\/{rel}","templated":true}]}}