{"id":302705,"date":"2025-08-07T12:02:11","date_gmt":"2025-08-07T12:02:11","guid":{"rendered":"https:\/\/www.europesays.com\/fr\/302705\/"},"modified":"2025-08-07T12:02:11","modified_gmt":"2025-08-07T12:02:11","slug":"top-14-patrick-tuifua-a-trouve-son-port-dattache-toulon-la-destination-ideale","status":"publish","type":"post","link":"https:\/\/www.europesays.com\/fr\/302705\/","title":{"rendered":"TOP 14. Patrick Tuifua a trouv\u00e9 son port d&rsquo;attache : Toulon, la destination id\u00e9ale"},"content":{"rendered":"<p>Un an et demi en arri\u00e8re, Patrick Tuifua \u00e9tait l&rsquo;attraction du moment. Apr\u00e8s ses performances remarqu\u00e9es avec le <a href=\"https:\/\/www.lerugbynistere.fr\/equipes-nationales\/xv-de-france.php\" ui-sref=\"app.team({teamId: 65})\" alt=\"XV de France\" data-route=\"app.team\" data-param=\"teamId\" data-id=\"65\" rel=\"nofollow noopener\" target=\"_blank\">XV de France<\/a> U20 durant le tournoi des Six Nations 2024, <strong>tout le monde voulait s&rsquo;arracher le jeune talent\u00a0de la g\u00e9n\u00e9ration\u00a02004<\/strong>.<\/p>\n<p>Ce dernier, n\u00e9 en Nouvelle-Cal\u00e9donie et install\u00e9 en <a href=\"https:\/\/www.lerugbynistere.fr\/equipes-nationales\/all-blacks.php\" ui-sref=\"app.team({teamId: 24})\" alt=\"Nouvelle-Z\u00e9lande\" data-route=\"app.team\" data-param=\"teamId\" data-id=\"24\" rel=\"nofollow noopener\" target=\"_blank\">Nouvelle-Z\u00e9lande<\/a> depuis ses 15 ans, \u00e9tait tiraill\u00e9 entre la France et le pays du long nuage blanc. <strong>C&rsquo;est ainsi que, malgr\u00e9 les propositions de l&rsquo;hexagone, Tuifua avait d\u00e9cid\u00e9 de rester chez les Kiwis<\/strong>.<\/p>\n<p><a class=\"inserer_lien_article\" href=\"https:\/\/www.lerugbynistere.fr\/news\/coupe-du-monde-a-deux-ans-du-mondial-2027-les-all-blacks-recuperent-une-de-leur-piece-maitresse-0708251049.php\" data-id=\"45766\" data-route=\"app.article\" data-param=\"articleId\" ui-sref=\"app.article({articleId: 45766})\" alt=\"COUPE DU MONDE. \u00c0 deux ans du Mondial 2027, les All Blacks r\u00e9cup\u00e8rent une de leur pi\u00e8ce maitresse\" title=\"COUPE DU MONDE. \u00c0 deux ans du Mondial 2027, les All Blacks r\u00e9cup\u00e8rent une de leur pi\u00e8ce maitresse\" rel=\"nofollow noopener\" target=\"_blank\"><img decoding=\"async\" src=\"https:\/\/www.europesays.com\/fr\/wp-content\/uploads\/2025\/08\/richie-mounga-avec-les-all-blacks-07-08-25-5268.jpg\" alt=\"COUPE DU MONDE. \u00c0 deux ans du Mondial 2027, les All Blacks r\u00e9cup\u00e8rent une de leur pi\u00e8ce maitresse\"\/>COUPE DU MONDE. \u00c0 deux ans du Mondial 2027, les All Blacks r\u00e9cup\u00e8rent une de leur pi\u00e8ce maitresse<\/a><\/p>\n<p>Il \u00e9voluait alors dans la province des Hawke&rsquo;s Bay et avait int\u00e9gr\u00e9 la fili\u00e8re de formation des <a href=\"https:\/\/www.lerugbynistere.fr\/clubs\/hurricanes.php\" ui-sref=\"app.team({teamId: 2309})\" alt=\"Hurricanes\" data-route=\"app.team\" data-param=\"teamId\" data-id=\"2309\" rel=\"nofollow noopener\" target=\"_blank\">Hurricanes<\/a>, franchise du <a href=\"https:\/\/www.lerugbynistere.fr\/championnats\/super-rugby\" ui-sref=\"app.competition({competitionId: 8})\" alt=\"Super Rugby\" data-route=\"app.competition\" data-param=\"competitionId\" data-id=\"8\" rel=\"nofollow noopener\" target=\"_blank\">Super Rugby<\/a> de Wellington. <strong>S&rsquo;il avait fait la pr\u00e9-saison avec eux, il n&rsquo;a pas jou\u00e9 de la saison en Super Rugby<\/strong>. Ainsi, <a href=\"https:\/\/www.lerugbynistere.fr\/clubs\/rugby-club-toulonnais.php\" ui-sref=\"app.team({teamId: 28})\" alt=\"Toulon\" data-route=\"app.team\" data-param=\"teamId\" data-id=\"28\" rel=\"nofollow noopener\" target=\"_blank\">Toulon<\/a> a annonc\u00e9 son arriv\u00e9e en avril dernier. Une destination pas anodine, qui semble presque m\u00eame <strong>id\u00e9ale pour le jeune troisi\u00e8me ligne<\/strong>.<\/p>\n<blockquote class=\"twitter-tweet\"><p>&#13;<\/p>\n<p lang=\"fr\" dir=\"ltr\">\ud83c\uddf3\ud83c\uddff\u2708\ud83d\udd34\u26ab<\/p>\n<p>\ud835\udc0f\ud835\udc1a\ud835\udc2d\ud835\udc2b\ud835\udc22\ud835\udc1c\ud835\udc24 \ud835\udc13\ud835\udc2e\ud835\udc22\ud835\udc1f\ud835\udc2e\ud835\udc1a rejoindra la Rade pour les 3\ufe0f\u20e3 prochaines saisons \ud83d\udd25<\/p>\n<p>Le communiqu\u00e9 \u2935<\/p>\n<p>&#13;<br \/>\n\u2014 RCT \u2013 Rugby Club Toulonnais (@RCTofficiel) <a href=\"https:\/\/twitter.com\/RCTofficiel\/status\/1907832945655562473?ref_src=twsrc%5Etfw\" rel=\"nofollow noopener\" target=\"_blank\">April 3, 2025<\/a><\/p><\/blockquote>\n<p>La famille dans le coin<\/p>\n<p><strong>N\u00e9 et ayant grandi en Nouvelle-Cal\u00e9donie, <a href=\"https:\/\/www.lerugbynistere.fr\/fiches-joueurs\/patrick-tuifua.php\" ui-sref=\"app.player({playerId: 15324})\" alt=\"Patrick Tuifua\" data-route=\"app.player\" data-param=\"playerId\" data-id=\"15324\" rel=\"nofollow noopener\" target=\"_blank\">Patrick Tuifua<\/a> rejoint le sud de la France<\/strong>, une r\u00e9gion qui pr\u00e9sente des similitudes avec ses origines, du moins au niveau du climat. Il rejoint \u00e9galement une partie de sa famille qui est dans le coin.<\/p>\n<p>En effet, depuis son arriv\u00e9e d\u00e9but juillet, <strong>il loge chez sa grande s\u0153ur, \u00e0 La Valette-du-Var, dans la banlieue de Toulon<\/strong>. Cette derni\u00e8re est install\u00e9e en m\u00e9tropole puisqu&rsquo;elle travaille depuis 3 ans \u00e0 Marseille.\u00a0Ses parents ont aussi\u00a0fait le voyage avec lui.<\/p>\n<p>Pr\u00e9sident du club de la JSL <a href=\"https:\/\/www.lerugbynistere.fr\/amateur\/normandie\/\" ui-sref=\"app.committee\" alt=\"Normandie\" data-route=\"app.committee\" data-param=\"committeeId\" data-id=\"27\" rel=\"nofollow noopener\" target=\"_blank\">Normandie<\/a> rugby, dit aussi les Vikings, l&rsquo;un des plus importants de Noum\u00e9a<strong>, son p\u00e8re en a notamment profit\u00e9 pour signer un partenariat avec Toulon<\/strong>. <a href=\"https:\/\/www.lerugbynistere.fr\/news\/cest-15-des-equipes-de-france-quelle-est-cette-ile-au-potentiel-enorme-que-la-ffr-veut-exploiter-a-fond-2907251227.php\" rel=\"nofollow noopener\" target=\"_blank\">Comme de nombreuses \u00e9quipes de l&rsquo;hexagone<\/a>, le RCT\u00a0investi dans le rugby n\u00e9o-cal\u00e9donien. Et puisque sa famille semble tr\u00e8s active dans le coin, Patrick Tuifua poss\u00e8de \u00e9galement <strong>un cousin qui \u00e9volue chez les cadets toulonnais<\/strong>.\u00a0<\/p>\n<p><a class=\"inserer_lien_article\" href=\"https:\/\/www.lerugbynistere.fr\/news\/top-14-transfert-le-rct-bientot-avec-la-paire-de-centres-de-lequipe-ditalie-un-joueur-y-travaille-0608251439.php\" data-id=\"45759\" data-route=\"app.article\" data-param=\"articleId\" ui-sref=\"app.article({articleId: 45759})\" alt=\"TOP 14. TRANSFERT. Le RCT bient\u00f4t avec la paire de centres de l\u2019\u00e9quipe d\u2019Italie ? Un joueur y travaille\" title=\"TOP 14. TRANSFERT. Le RCT bient\u00f4t avec la paire de centres de l\u2019\u00e9quipe d\u2019Italie ? Un joueur y travaille\" rel=\"nofollow noopener\" target=\"_blank\"><img decoding=\"async\" src=\"https:\/\/www.europesays.com\/fr\/wp-content\/uploads\/2025\/08\/menoncello-07-05-25-174.jpg\" alt=\"TOP 14. TRANSFERT. Le RCT bient\u00f4t avec la paire de centres de l\u2019\u00e9quipe d\u2019Italie ? Un joueur y travaille\"\/>TOP 14. TRANSFERT. Le RCT bient\u00f4t avec la paire de centres de l\u2019\u00e9quipe d\u2019Italie ? Un joueur y travaille<\/a><\/p>\n<blockquote class=\"twitter-tweet\"><p>&#13;<\/p>\n<p lang=\"fr\" dir=\"ltr\">\ud835\udc79\ud835\udc6a\ud835\udc7b \ud835\udc77\ud835\udc82\ud835\udc94\ud835\udc94\ud835\udc8a\ud835\udc90\ud835\udc8f \ud83d\udd34\u26ab<\/p>\n<p>Apr\u00e8s un premier partenariat avec le club de Pa\u00efta, le RCT franchit une nouvelle \u00e9tape dans son implantation en Nouvelle-Cal\u00e9donie en scellant un accord avec le club des Vikings 988, bas\u00e9 \u00e0 Noum\u00e9a.<\/p>\n<p>Le communiqu\u00e9 \ud83d\udc47<\/p>\n<p>&#13;<br \/>\n\u2014 RCT \u2013 Rugby Club Toulonnais (@RCTofficiel) <a href=\"https:\/\/twitter.com\/RCTofficiel\/status\/1951282214005776712?ref_src=twsrc%5Etfw\" rel=\"nofollow noopener\" target=\"_blank\">August 1, 2025<\/a><\/p><\/blockquote>\n<p>Le RCT compte sur lui<\/p>\n<p>Au-del\u00e0 des aspects personnels et mentaux, li\u00e9s au d\u00e9paysement, le choix du RCT suit une certaine logique sur le plan rugbystique. Pierre Mignoni a r\u00e9cemment confi\u00e9 que <strong>Toulon suivait Tuifua \u00ab\u00a0d\u00e9j\u00e0 avant qu&rsquo;il apparaisse avec les moins de 20 ans.\u00a0\u00bb<\/strong> L&rsquo;int\u00e9r\u00eat toulonnais n&rsquo;est donc pas tout r\u00e9cent.<\/p>\n<p class=\"citation\">On voulait absolument qu&rsquo;il vienne, \u00e7a n&rsquo;a pas \u00e9t\u00e9 simple&#8230; C&rsquo;est un joueur [&#8230;] avec un gros potentiel pour son \u00e2ge. Je pense que le championnat fran\u00e7ais est fait pour lui &#8211; Pierre Mignoni<\/p>\n<p><a class=\"inserer_lien_article\" href=\"https:\/\/www.lerugbynistere.fr\/news\/top-14-je-veux-etre-un-chien-qui-se-bat-pour-le-maillot-mathis-ferte-debarque-a-toulon-avec-les-crocs-0608251638.php\" data-id=\"45760\" data-route=\"app.article\" data-param=\"articleId\" ui-sref=\"app.article({articleId: 45760})\" alt=\"TOP 14. &#039;&#039;Je veux \u00eatre un chien qui se bat pour le maillot&#039;&#039; : Mathis Fert\u00e9 d\u00e9barque \u00e0 Toulon avec les crocs\" title=\"TOP 14. &#039;&#039;Je veux \u00eatre un chien qui se bat pour le maillot&#039;&#039; : Mathis Fert\u00e9 d\u00e9barque \u00e0 Toulon avec les crocs\" rel=\"nofollow noopener\" target=\"_blank\"><img decoding=\"async\" src=\"https:\/\/www.europesays.com\/fr\/wp-content\/uploads\/2025\/08\/1754568131_934_ferte-06-08-25-4552.jpg\" alt=\"TOP 14. ''Je veux \u00eatre un chien qui se bat pour le maillot'' : Mathis Fert\u00e9 d\u00e9barque \u00e0 Toulon avec les crocs\"\/>TOP 14. \u00a0\u00bbJe veux \u00eatre un chien qui se bat pour le maillot\u00a0\u00bb : Mathis Fert\u00e9 d\u00e9barque \u00e0 Toulon avec les crocs<\/a><\/p>\n<p>S&rsquo;il n&rsquo;a pas jou\u00e9 avec les Hurricanes en raison d&rsquo;une blessure, mais aussi car \u00ab\u00a0ils ne sont pas tr\u00e8s tourn\u00e9s vers les jeunes\u00a0\u00bb, indique Tuifua,\u00a0\u00e0\u00a0Toulon ce ne devrait pas \u00eatre le cas. Outre le fait que Mignoni appr\u00e9cie son profil et le suit depuis longtemps, <strong>l&rsquo;entra\u00eeneur toulonnais a r\u00e9cemment avou\u00e9 que le RCT \u00ab\u00a0n&rsquo;a pas recrut\u00e9 \u00e0 certains postes car [il] se nourrit de [ses] Espoirs.\u00a0\u00bb <\/strong><\/p>\n<p>Avec la blessure longue dur\u00e9e d&rsquo;Ollivon, absent pour le d\u00e9but de la saison, et le d\u00e9part de Le Corvec, non remplac\u00e9, <strong>Tuifua devrait \u00eatre int\u00e9gr\u00e9 \u00e0 la rotation en troisi\u00e8me ligne<\/strong>.\u00a0Ce pourrait, et devrait, aussi \u00eatre le cas de <a href=\"https:\/\/www.lerugbynistere.fr\/fiches-joueurs\/joe-quere-karaba.php\" ui-sref=\"app.player({playerId: 15322})\" alt=\"Jo\u00e9 Quere-Karaba\" data-route=\"app.player\" data-param=\"playerId\" data-id=\"15322\" rel=\"nofollow noopener\" target=\"_blank\">Jo\u00e9 Quere-Karaba<\/a> ou Mikheili Shioshvili au m\u00eame poste.<\/p>\n<p><a class=\"inserer_lien_article\" href=\"https:\/\/www.lerugbynistere.fr\/news\/il-me-faisait-un-peu-penser-a-owen-farrell-qui-est-ce-minot-so-british-qui-monte-du-cote-du-rct-0608251810.php\" data-id=\"45762\" data-route=\"app.article\" data-param=\"articleId\" ui-sref=\"app.article({articleId: 45762})\" alt=\"&#039;&#039;Il me faisait un peu penser \u00e0 Owen Farrell&#039;&#039; : qui est ce minot &#039;&#039;so british&#039;&#039; qui monte du c\u00f4t\u00e9 du RCT ?\" title=\"&#039;&#039;Il me faisait un peu penser \u00e0 Owen Farrell&#039;&#039; : qui est ce minot &#039;&#039;so british&#039;&#039; qui monte du c\u00f4t\u00e9 du RCT ?\" rel=\"nofollow noopener\" target=\"_blank\"><img decoding=\"async\" src=\"https:\/\/www.europesays.com\/fr\/wp-content\/uploads\/2025\/08\/1754568131_570_yt-06-08-25-8002.jpg\" alt=\"''Il me faisait un peu penser \u00e0 Owen Farrell'' : qui est ce minot ''so british'' qui monte du c\u00f4t\u00e9 du RCT ?\"\/>\u00a0\u00bbIl me faisait un peu penser \u00e0 Owen Farrell\u00a0\u00bb : qui est ce minot \u00a0\u00bbso british\u00a0\u00bb qui monte du c\u00f4t\u00e9 du RCT\u00a0<\/a><\/p>\n<p>                            <script async src=\"https:\/\/platform.twitter.com\/widgets.js\" charset=\"utf-8\"><\/script><\/p>\n","protected":false},"excerpt":{"rendered":"Un an et demi en arri\u00e8re, Patrick Tuifua \u00e9tait l&rsquo;attraction du moment. Apr\u00e8s ses performances remarqu\u00e9es avec le&hellip;\n","protected":false},"author":2,"featured_media":302706,"comment_status":"","ping_status":"","sticky":false,"template":"","format":"standard","meta":{"footnotes":""},"categories":[9619],"tags":[1111,11,1777,674,1011,27,12,882,25,2310],"class_list":{"0":"post-302705","1":"post","2":"type-post","3":"status-publish","4":"format-standard","5":"has-post-thumbnail","7":"category-toulon","8":"tag-actu","9":"tag-actualites","10":"tag-eu","11":"tag-europe","12":"tag-fr","13":"tag-france","14":"tag-news","15":"tag-provence-alpes-cote-dazur","16":"tag-republique-francaise","17":"tag-toulon"},"share_on_mastodon":{"url":"https:\/\/pubeurope.com\/@fr\/114987384579457997","error":""},"_links":{"self":[{"href":"https:\/\/www.europesays.com\/fr\/wp-json\/wp\/v2\/posts\/302705","targetHints":{"allow":["GET"]}}],"collection":[{"href":"https:\/\/www.europesays.com\/fr\/wp-json\/wp\/v2\/posts"}],"about":[{"href":"https:\/\/www.europesays.com\/fr\/wp-json\/wp\/v2\/types\/post"}],"author":[{"embeddable":true,"href":"https:\/\/www.europesays.com\/fr\/wp-json\/wp\/v2\/users\/2"}],"replies":[{"embeddable":true,"href":"https:\/\/www.europesays.com\/fr\/wp-json\/wp\/v2\/comments?post=302705"}],"version-history":[{"count":0,"href":"https:\/\/www.europesays.com\/fr\/wp-json\/wp\/v2\/posts\/302705\/revisions"}],"wp:featuredmedia":[{"embeddable":true,"href":"https:\/\/www.europesays.com\/fr\/wp-json\/wp\/v2\/media\/302706"}],"wp:attachment":[{"href":"https:\/\/www.europesays.com\/fr\/wp-json\/wp\/v2\/media?parent=302705"}],"wp:term":[{"taxonomy":"category","embeddable":true,"href":"https:\/\/www.europesays.com\/fr\/wp-json\/wp\/v2\/categories?post=302705"},{"taxonomy":"post_tag","embeddable":true,"href":"https:\/\/www.europesays.com\/fr\/wp-json\/wp\/v2\/tags?post=302705"}],"curies":[{"name":"wp","href":"https:\/\/api.w.org\/{rel}","templated":true}]}}