{"id":302713,"date":"2025-08-07T12:06:13","date_gmt":"2025-08-07T12:06:13","guid":{"rendered":"https:\/\/www.europesays.com\/fr\/302713\/"},"modified":"2025-08-07T12:06:13","modified_gmt":"2025-08-07T12:06:13","slug":"un-marathon-devangelisation-a-rouen-paris-et-lille-le-jour-du-salut-cest-maintenant","status":"publish","type":"post","link":"https:\/\/www.europesays.com\/fr\/302713\/","title":{"rendered":"Un marathon d\u2019\u00e9vang\u00e9lisation \u00e0 Rouen, Paris et Lille : \u00ab\u00a0Le jour du salut c\u2019est maintenant !\u00a0\u00bb"},"content":{"rendered":"<p><strong>En ao\u00fbt, un marathon d\u2019\u00e9vang\u00e9lisation sillonnera quatre pays europ\u00e9ens, dont la France.\u00a0Des chr\u00e9tiens\u00a0propageront l\u2019\u00c9vangile dans les rues de\u00a0Rouen, Paris et Lille, du 9 au 15 ao\u00fbt. \u00ab\u00a0C\u2019est le moment de r\u00e9pondre \u00e0 l\u2019appel de Dieu\u00a0\u00bb, interpelle Symphorien Bambi, \u00e0 l\u2019origine de cette initiative. <\/strong><\/p>\n<p>InfoChr\u00e9tienne : Depuis le 1er ao\u00fbt et jusqu\u2019au 30, un marathon d\u2019\u00e9vang\u00e9lisation parcourt la Belgique, la France, les Pays-Bas et\u00a0l\u2019Allemagne. Qui est \u00e0 l\u2019origine de cet \u00e9v\u00e9nement et quelle vision spirituelle l\u2019anime ? <\/p>\n<p>Symphorien Bambi : Je suis l\u2019initiateur de ce marathon\u00a0et le leader du mouvement <a href=\"https:\/\/www.instagram.com\/gorevivaleurope\/\" target=\"_blank\" rel=\"noopener noreferrer nofollow\">Go Revival Europe<\/a>. Nous souhaitons\u00a0que l\u2019\u00e9vang\u00e9lisation devienne une habitude ancr\u00e9e dans la vie de chaque chr\u00e9tien. C&rsquo;est un appel \u00e0 sortir de sa zone de confort.<\/p>\n<p>L\u2019ann\u00e9e derni\u00e8re, de nombreuses personnes \u00e9taient pr\u00e9sentes, et nous croyons que la pers\u00e9v\u00e9rance dans l\u2019\u00e9vang\u00e9lisation est essentielle pour porter du fruit durablement.<\/p>\n<p>IC : En France, l\u2019\u00e9v\u00e9nement se d\u00e9roulera du 9 au 15 ao\u00fbt \u00e0 Rouen, Paris et Lille. Comment vont s\u2019organiser ces journ\u00e9es d\u2019\u00e9vang\u00e9lisation ? Et \u00e0 qui s\u2019adressent-elles ? <\/p>\n<p>SB : Chaque journ\u00e9e commence par un temps de pri\u00e8re, d\u2019adoration et d\u2019enseignement, afin d\u2019\u00e9quiper et de pr\u00e9parer spirituellement les participants. Ensuite, nous sortons ensemble dans les rues pour partager l\u2019\u00c9vangile avec foi, puissance et amour. Nous collaborons sur place avec des \u00e9glises locales.<\/p>\n<p>Tout le monde peut venir : jeunes, adultes, hommes, femmes\u2026 Toute personne ayant \u00e0 c\u0153ur de partager J\u00e9sus peut nous rejoindre. Pour participer, il suffit de suivre nos actualit\u00e9s sur Instagram et de rejoindre notre canal WhatsApp, accessible via notre bio.<\/p>\n<p>IC : Le slogan dans l\u2019hexagone est clair : \u00ab\u00a0La France sera sauv\u00e9e\u00a0\u00bb. Quelle est, selon vous, la port\u00e9e spirituelle d\u2019une telle d\u00e9claration ? <\/p>\n<p>SB : Nous croyons en la puissance de la d\u00e9claration proph\u00e9tique. Comme le dit Proverbes 18:21, \u00ab\u00a0la vie et la mort sont au pouvoir de la langue\u00a0\u00bb. Nous allons\u00a0plus loin en d\u00e9clarant au pr\u00e9sent \u00ab\u00a0La France est sauv\u00e9e\u00a0\u00bb, car l\u2019\u0153uvre de la croix est d\u00e9j\u00e0 accomplie. Il ne s\u2019agit pas d\u2019attendre, mais d\u2019entrer dans cette victoire et de proclamer le salut sur cette nation.<\/p>\n<p>IC : En Belgique, plusieurs villes telles que Bruxelles, Li\u00e8ge ou encore Charleroi ont d\u00e9j\u00e0 accueilli des \u00e9vang\u00e9listes cette semaine. Quels en sont les retours ? <\/p>\n<p>SB : Les retours sont glorieux ! En seulement six jours, nous avons d\u00e9j\u00e0 vu plus de 150 \u00e2mes sauv\u00e9es. Des c\u0153urs sont ouverts, des vies sont transform\u00e9es, et beaucoup souhaitent ensuite \u00e9vang\u00e9liser \u00e0 leur tour.<\/p>\n<p>Cela confirme que ce marathon ne vise pas seulement \u00e0 gagner des \u00e2mes, mais aussi \u00e0 former des \u00e9vang\u00e9listes.<\/p>\n<p>IC : Quel message souhaitez-vous adresser aux habitants de Rouen, Paris et Lille avant votre venue ? <\/p>\n<p>SB : J\u00e9sus est vivant ! C\u2019est le moment de se lever, de sortir de sa zone de confort, et de r\u00e9pondre \u00e0 l\u2019appel de Dieu. Nous croyons que le jour du salut, ce n\u2019est pas demain, ni plus tard : c\u2019est maintenant.<\/p>\n<p>Rejoignez-nous dans ce marathon d\u2019\u00e9vang\u00e9lisation, laissez Dieu vous utiliser puissamment, et voyez votre vie, votre \u00e9glise et votre ville \u00eatre transform\u00e9es.<\/p>\n<blockquote class=\"instagram-media\" data-instgrm-captioned=\"\" data-instgrm-permalink=\"https:\/\/www.instagram.com\/p\/DM7mCOyIHkA\/?utm_source=ig_embed&amp;utm_campaign=loading\" data-instgrm-version=\"14\" style=\" background:#FFF; border:0; border-radius:3px; box-shadow:0 0 1px 0 rgba(0,0,0,0.5),0 1px 10px 0 rgba(0,0,0,0.15); margin: 1px; max-width:540px; min-width:326px; padding:0; width:99.375%; width:-webkit-calc(100% - 2px); width:calc(100% - 2px);\"><p>&#13;<br \/>\n&#13;\n<\/p><\/blockquote>\n<p><strong>Propos recueillis par M\u00e9lanie Boukorras\u00a0<\/strong><\/p>\n<p>Cr\u00e9dit image :\u00a0<a href=\"https:\/\/instagram.com\/demons_destroyer8?igsh=MWlsZTZzbG81bG1hNg%3D%3D\" target=\"_blank\" rel=\"noopener noreferrer nofollow\">Mosez<\/a><br \/>\n                        <script async src=\"\/\/www.instagram.com\/embed.js\"><\/script><\/p>\n","protected":false},"excerpt":{"rendered":"En ao\u00fbt, un marathon d\u2019\u00e9vang\u00e9lisation sillonnera quatre pays europ\u00e9ens, dont la France.\u00a0Des chr\u00e9tiens\u00a0propageront l\u2019\u00c9vangile dans les rues de\u00a0Rouen,&hellip;\n","protected":false},"author":2,"featured_media":302714,"comment_status":"","ping_status":"","sticky":false,"template":"","format":"standard","meta":{"footnotes":""},"categories":[9587],"tags":[1111,11,1777,674,1011,27,12,5161,25,9590],"class_list":{"0":"post-302713","1":"post","2":"type-post","3":"status-publish","4":"format-standard","5":"has-post-thumbnail","7":"category-rouen","8":"tag-actu","9":"tag-actualites","10":"tag-eu","11":"tag-europe","12":"tag-fr","13":"tag-france","14":"tag-news","15":"tag-normandie","16":"tag-republique-francaise","17":"tag-rouen"},"share_on_mastodon":{"url":"https:\/\/pubeurope.com\/@fr\/114987400124483425","error":""},"_links":{"self":[{"href":"https:\/\/www.europesays.com\/fr\/wp-json\/wp\/v2\/posts\/302713","targetHints":{"allow":["GET"]}}],"collection":[{"href":"https:\/\/www.europesays.com\/fr\/wp-json\/wp\/v2\/posts"}],"about":[{"href":"https:\/\/www.europesays.com\/fr\/wp-json\/wp\/v2\/types\/post"}],"author":[{"embeddable":true,"href":"https:\/\/www.europesays.com\/fr\/wp-json\/wp\/v2\/users\/2"}],"replies":[{"embeddable":true,"href":"https:\/\/www.europesays.com\/fr\/wp-json\/wp\/v2\/comments?post=302713"}],"version-history":[{"count":0,"href":"https:\/\/www.europesays.com\/fr\/wp-json\/wp\/v2\/posts\/302713\/revisions"}],"wp:featuredmedia":[{"embeddable":true,"href":"https:\/\/www.europesays.com\/fr\/wp-json\/wp\/v2\/media\/302714"}],"wp:attachment":[{"href":"https:\/\/www.europesays.com\/fr\/wp-json\/wp\/v2\/media?parent=302713"}],"wp:term":[{"taxonomy":"category","embeddable":true,"href":"https:\/\/www.europesays.com\/fr\/wp-json\/wp\/v2\/categories?post=302713"},{"taxonomy":"post_tag","embeddable":true,"href":"https:\/\/www.europesays.com\/fr\/wp-json\/wp\/v2\/tags?post=302713"}],"curies":[{"name":"wp","href":"https:\/\/api.w.org\/{rel}","templated":true}]}}